{"id":6507,"date":"2022-06-18T10:49:39","date_gmt":"2022-06-18T08:49:39","guid":{"rendered":"http:\/\/www.belfiorese.it\/new\/?p=6507"},"modified":"2022-06-18T11:10:23","modified_gmt":"2022-06-18T09:10:23","slug":"tiziano-ferrarese-under-15-belfiorese-la-nostra-forza-e-stato-il-gruppo-la-vittoria-del-titolo-provinciale-restera-nella-storia","status":"publish","type":"post","link":"https:\/\/www.belfiorese.it\/new\/index.php\/2022\/tiziano-ferrarese-under-15-belfiorese-la-nostra-forza-e-stato-il-gruppo-la-vittoria-del-titolo-provinciale-restera-nella-storia\/","title":{"rendered":"TIZIANO FERRARESE (Under 15 Belfiorese) \u201cLa nostra forza \u00e8 stato il gruppo, il titolo provinciale rester\u00e0 nella storia!\u201d"},"content":{"rendered":"\n<figure class=\"wp-block-image size-large\"><img decoding=\"async\" loading=\"lazy\" width=\"1024\" height=\"1024\" src=\"http:\/\/www.belfiorese.it\/new\/wp-content\/uploads\/2022\/06\/Picsart_22-06-18_10-39-58-990-1024x1024.jpg\" alt=\"\" class=\"wp-image-6513\" srcset=\"https:\/\/www.belfiorese.it\/new\/wp-content\/uploads\/2022\/06\/Picsart_22-06-18_10-39-58-990-1024x1024.jpg 1024w, https:\/\/www.belfiorese.it\/new\/wp-content\/uploads\/2022\/06\/Picsart_22-06-18_10-39-58-990-300x300.jpg 300w, https:\/\/www.belfiorese.it\/new\/wp-content\/uploads\/2022\/06\/Picsart_22-06-18_10-39-58-990-150x150.jpg 150w, https:\/\/www.belfiorese.it\/new\/wp-content\/uploads\/2022\/06\/Picsart_22-06-18_10-39-58-990-768x768.jpg 768w, https:\/\/www.belfiorese.it\/new\/wp-content\/uploads\/2022\/06\/Picsart_22-06-18_10-39-58-990-1536x1536.jpg 1536w, https:\/\/www.belfiorese.it\/new\/wp-content\/uploads\/2022\/06\/Picsart_22-06-18_10-39-58-990-2048x2048.jpg 2048w, https:\/\/www.belfiorese.it\/new\/wp-content\/uploads\/2022\/06\/Picsart_22-06-18_10-39-58-990-24x24.jpg 24w, https:\/\/www.belfiorese.it\/new\/wp-content\/uploads\/2022\/06\/Picsart_22-06-18_10-39-58-990-36x36.jpg 36w, https:\/\/www.belfiorese.it\/new\/wp-content\/uploads\/2022\/06\/Picsart_22-06-18_10-39-58-990-48x48.jpg 48w\" sizes=\"(max-width: 1024px) 100vw, 1024px\" \/><\/figure>\n\n\n\n<p>Simpatica chiacchierata con il tecnico dei Giovanissimi Under 15 della Belfiorese <strong>Tiziano Ferrarese<\/strong> al termine di questa brillante stagione con la storica vittoria del Titolo Provinciale di categoria.<\/p>\n\n\n\n<p><strong>Tiziano, intanto ti facciamo i complimenti per come hai saputo gestire l&#8217;intera stagione, anche nei momenti di difficolt\u00e0, e per aver saputo tirar fuori dal cilibro le giuste motivazioni ripagate da prestazioni con la \u201cP\u201d maiuscola da parte dei tuoi ragazzi.<\/strong><\/p>\n\n\n\n<p>&#8220;<em>Sicuramente una stagione sotto tutti i punti di vista che ha dell&#8217;incredibile, direi qualcosa di eccezionale. Siamo partiti convinti fin da subito, sapendo qual&#8217;era il nostro obiettivo. Non ci siamo mai nascosti, dentro di noi e dentro lo spogliatoio c&#8217;era questa convinzione di far bene e di arrivare fino in fondo.<\/em>&#8220;<\/p>\n\n\n\n<figure class=\"wp-block-image size-large\"><img decoding=\"async\" loading=\"lazy\" width=\"837\" height=\"1024\" src=\"http:\/\/www.belfiorese.it\/new\/wp-content\/uploads\/2022\/06\/IMG_20220618_103535-837x1024.jpg\" alt=\"\" class=\"wp-image-6514\" srcset=\"https:\/\/www.belfiorese.it\/new\/wp-content\/uploads\/2022\/06\/IMG_20220618_103535-837x1024.jpg 837w, https:\/\/www.belfiorese.it\/new\/wp-content\/uploads\/2022\/06\/IMG_20220618_103535-245x300.jpg 245w, https:\/\/www.belfiorese.it\/new\/wp-content\/uploads\/2022\/06\/IMG_20220618_103535-768x940.jpg 768w, https:\/\/www.belfiorese.it\/new\/wp-content\/uploads\/2022\/06\/IMG_20220618_103535-20x24.jpg 20w, https:\/\/www.belfiorese.it\/new\/wp-content\/uploads\/2022\/06\/IMG_20220618_103535-29x36.jpg 29w, https:\/\/www.belfiorese.it\/new\/wp-content\/uploads\/2022\/06\/IMG_20220618_103535-39x48.jpg 39w, https:\/\/www.belfiorese.it\/new\/wp-content\/uploads\/2022\/06\/IMG_20220618_103535.jpg 1080w\" sizes=\"(max-width: 837px) 100vw, 837px\" \/><\/figure>\n\n\n\n<p><strong>Mister, parlaci delle prime due fasi della stagione, un primo girone concluso con ben 10 vittorie su 12 giornate e poi l&#8217;imbattibilit\u00e0 della seconda parte<strong> elit\u00e8 fatta di altre 9 vittorie e 3 pareggi che valgono la 2^ posizione<\/strong>.<\/strong><\/p>\n\n\n\n<p>&#8220;<em>La prima parte del campionato \u00e8 stata abbastanza agevole, per meriti nostri, e ci siamo qualificati alla seconda fase elit\u00e8 subendo una sola sconfitta contro la Pro Sambonifacese che in quel periodo andava pi\u00f9 forte delle altre. Abbiamo sempre dimostrato un buon gioco, una buona compattezza, rischiando molto poco aiutati da una fase difensiva che \u00e8 sempre stata il nostro punto di forza. Abbiamo dovuto sopperire anche a qualche assenza per infortunio ma mi ritengo molto soddisfatto di come \u00e8 andata.<\/em>&#8220;<\/p>\n\n\n\n<p>&#8220;<em>Nella seconda fase elit\u00e8 siamo stati inseriti nel girone B ed \u00e8 stato positivo il fatto di aver evitato il Povegliano che era la formazione additata un p\u00f2 da tutti come favorita e la Pro Sambonifacese unica squadra che ci aveva battuto. Tutto questo ci ha dato ancor pi\u00f9 consapevolezza che potevamo far bene con l&#8217;obiettivo di arrivare nelle prime due posizioni. In queste partite si \u00e8 evidenziato ulteriormente il fatto che subivamo pochissimi goal, solo 5. C&#8217;\u00e8 stato un periodo in cui facevamo fatica a concretizzare le numerose palle goal create, poi qualche defezione ci ha costretti anche a modificare il nostro assetto tattico ma allo stesso tempo ha permesso ai ragazzi di provare pi\u00f9 moduli e anche questo \u00e8 stato positivo. Abbiamo lavorato tanto, in questo girone abbiamo pareggiato con la capolista Cadidavid e avuto un solo scivolone contro il Lovers Palazzolo sbagliando un penalty all&#8217;ultimo minuto nonostante fossimo scesi in campo con una formazione orfana di assenze pesanti.<\/em>&#8220;<\/p>\n\n\n\n<figure class=\"wp-block-image size-large\"><img decoding=\"async\" loading=\"lazy\" width=\"1024\" height=\"683\" src=\"http:\/\/www.belfiorese.it\/new\/wp-content\/uploads\/2022\/06\/FB_IMG_1654510810713-1024x683.jpg\" alt=\"\" class=\"wp-image-6518\" srcset=\"https:\/\/www.belfiorese.it\/new\/wp-content\/uploads\/2022\/06\/FB_IMG_1654510810713-1024x683.jpg 1024w, https:\/\/www.belfiorese.it\/new\/wp-content\/uploads\/2022\/06\/FB_IMG_1654510810713-300x200.jpg 300w, https:\/\/www.belfiorese.it\/new\/wp-content\/uploads\/2022\/06\/FB_IMG_1654510810713-768x512.jpg 768w, https:\/\/www.belfiorese.it\/new\/wp-content\/uploads\/2022\/06\/FB_IMG_1654510810713-360x240.jpg 360w, https:\/\/www.belfiorese.it\/new\/wp-content\/uploads\/2022\/06\/FB_IMG_1654510810713-24x16.jpg 24w, https:\/\/www.belfiorese.it\/new\/wp-content\/uploads\/2022\/06\/FB_IMG_1654510810713-36x24.jpg 36w, https:\/\/www.belfiorese.it\/new\/wp-content\/uploads\/2022\/06\/FB_IMG_1654510810713-48x32.jpg 48w, https:\/\/www.belfiorese.it\/new\/wp-content\/uploads\/2022\/06\/FB_IMG_1654510810713.jpg 1080w\" sizes=\"(max-width: 1024px) 100vw, 1024px\" \/><\/figure>\n\n\n\n<p><strong>Arriva quindi lo spareggio per definire la 2^ posizione.<\/strong><\/p>\n\n\n\n<p>&#8220;<em>Obiettivo secondo posto raggiunto ma purtroppo abbiamo dovuto disputare lo spareggio in gara unica contro il Valpolicella arrivato a pari punti. Il regolamento prevedeva questo senza considerare n\u00e8 lo scontro diretto n\u00e8 la differenza reti che sarebbe stata a nostro vantaggio. Ma giustizia \u00e8 stata fatta e dopo averlo battuto in campionato il Valpolicella \u00e8 stato superato anche nello spareggio vinto per 3 a 1 al termine di una gara sofferta che ci vale la qualificazione alla semifinale.<\/em>&#8220;<\/p>\n\n\n\n<p><strong>Semifinale<\/strong>.<\/p>\n\n\n\n<p>&#8220;<em>Semifinale contro l&#8217;Union Scaligeri che ha il vantaggio di giocare la partita sul terreno di casa perch\u00e8 arrivato primo nell&#8217;altro girone elit\u00e8. Anche qui sarebbe stata una beffa uscire con i colognesi gi\u00e0 nettamente superati nella prima parte di stagione. C&#8217;era la convinzione di potercela fare anche stavolta e cos\u00ec \u00e8 stato. Siamo scesi in campo disputando a mio avviso una delle migliori partite dell&#8217;anno, vincendo di misura per 1 a 0 senza concretizzare al massimo le tante occasioni. E&#8217; finale per la Belfiorese.<\/em>&#8220;<\/p>\n\n\n\n<figure class=\"wp-block-image size-large\"><img decoding=\"async\" loading=\"lazy\" width=\"1008\" height=\"720\" src=\"http:\/\/www.belfiorese.it\/new\/wp-content\/uploads\/2022\/06\/IMG_20220606_144839.jpg\" alt=\"\" class=\"wp-image-6517\" srcset=\"https:\/\/www.belfiorese.it\/new\/wp-content\/uploads\/2022\/06\/IMG_20220606_144839.jpg 1008w, https:\/\/www.belfiorese.it\/new\/wp-content\/uploads\/2022\/06\/IMG_20220606_144839-300x214.jpg 300w, https:\/\/www.belfiorese.it\/new\/wp-content\/uploads\/2022\/06\/IMG_20220606_144839-768x549.jpg 768w, https:\/\/www.belfiorese.it\/new\/wp-content\/uploads\/2022\/06\/IMG_20220606_144839-24x17.jpg 24w, https:\/\/www.belfiorese.it\/new\/wp-content\/uploads\/2022\/06\/IMG_20220606_144839-36x26.jpg 36w, https:\/\/www.belfiorese.it\/new\/wp-content\/uploads\/2022\/06\/IMG_20220606_144839-48x34.jpg 48w\" sizes=\"(max-width: 1008px) 100vw, 1008px\" \/><\/figure>\n\n\n\n<p><strong>Poi la partita dell&#8217;anno, la finale per il titolo provinciale.<\/strong><\/p>\n\n\n\n<p>&#8220;<em>Che grande soddisfazione! Ai ragazzi continuavo a dire che l&#8217;obiettivo era quello di arrivare alla finale del Bottagisio, loro mi hanno seguito e ci siamo arrivati. Nella fase finale stavamo davvero bene fisicamente e per cui siamo andati a giocarci la finale contro quel Povegliano, favorita dagli addetti ai lavori, nel nostro periodo di forma ottimale. Sapevamo che l&#8217;avversario era forte dal punto di vista fisico e con delle buonissime individualit\u00e0, ma consapevoli del nostro potenziale e pronti a giocarci le nostre carte, la mia squadra \u00e8 carica e convinta di poter dire la sua. Atmosfera delle grandi occasioni, tribune colme di gente, tanti tifosi a sostenerci. La grande solidit\u00e0 della fase difensiva a chiudere tutti gli spazi e le ripartenze veloci hanno messo in seria difficolt\u00e0 il Povegliano, anche se siamo rimasti in inferiorit\u00e0 numerica nel primo tempo regolamentare. All&#8217;ultimo minuto del secondo tempo supplementare arriva il goal di testa di Cumerlato da azione di calcio d&#8217;angolo e la palla va ad insaccarsi sul secondo palo, un p\u00f2 la nostra arma vincente perch\u00e8 durante l&#8217;anno abbiamo preparato e studiato molto bene questi contesti di gioco. Grossa soddisfazione, gioia immensa per me, per tutti, per la societ\u00e0 ma soprattutto per i ragazzi che si sono sempre comportati bene, si sono impegnati, grande disponibilit\u00e0 e massima presenza in allenamento, \u00e8 tutto questo che alla fine ha pagato e ha dato i suoi frutti. Una gioia immensa che i ragazzi ricorderanno per sempre indipendentemente da quale sar\u00e0 il loro futuro sportivo, \u00e8 un successo che rimarr\u00e0 impresso nella memoria di tutti.<\/em>&#8220;<\/p>\n\n\n\n<figure class=\"wp-block-image size-large\"><img decoding=\"async\" loading=\"lazy\" width=\"1024\" height=\"683\" src=\"http:\/\/www.belfiorese.it\/new\/wp-content\/uploads\/2022\/06\/FB_IMG_1654545494819-1024x683.jpg\" alt=\"\" class=\"wp-image-6515\" srcset=\"https:\/\/www.belfiorese.it\/new\/wp-content\/uploads\/2022\/06\/FB_IMG_1654545494819-1024x683.jpg 1024w, https:\/\/www.belfiorese.it\/new\/wp-content\/uploads\/2022\/06\/FB_IMG_1654545494819-300x200.jpg 300w, https:\/\/www.belfiorese.it\/new\/wp-content\/uploads\/2022\/06\/FB_IMG_1654545494819-768x512.jpg 768w, https:\/\/www.belfiorese.it\/new\/wp-content\/uploads\/2022\/06\/FB_IMG_1654545494819-360x240.jpg 360w, https:\/\/www.belfiorese.it\/new\/wp-content\/uploads\/2022\/06\/FB_IMG_1654545494819-24x16.jpg 24w, https:\/\/www.belfiorese.it\/new\/wp-content\/uploads\/2022\/06\/FB_IMG_1654545494819-36x24.jpg 36w, https:\/\/www.belfiorese.it\/new\/wp-content\/uploads\/2022\/06\/FB_IMG_1654545494819-48x32.jpg 48w, https:\/\/www.belfiorese.it\/new\/wp-content\/uploads\/2022\/06\/FB_IMG_1654545494819.jpg 1080w\" sizes=\"(max-width: 1024px) 100vw, 1024px\" \/><\/figure>\n\n\n\n<p>&#8220;<em>Mi sento di ringraziare in primis la societ\u00e0 Belfiorese per l&#8217;apporto datomi durante tutto l&#8217;anno, ringrazio i miei ragazzi ed i loro genitori che ci sono sempre stati vicini. Ma in particolare vorrei spendere alcune parole di elogio soprattutto per quei ragazzi che hanno giocato poco perch\u00e8 ovviamente quando si arriva alla fase agonistica l&#8217;allenatore deve fare delle scelte, dispiace sempre lasciare in panchina chi si impegna alla pari degli altri per\u00f2 abbiamo sempre fatto sentire importanti e partecipi tutti alle vicende di stagione e sono stato ripagato dalla gioia che ho visto nei loro volti alla fine di ogni vittoria. Per me anche questo \u00e8 stato motivo d&#8217;orgoglio e quindi una nota di merito la d\u00f2 soprattutto a loro. Ringrazio il mio secondo Gianluca Marconi e il dirigente accompagnatore Fabrizio Meneghetti, presenze fondamentali per me perch\u00e8 mi hanno permesso di essere sempre concentrato sulla squadra e sulla gara, a tutto il resto ci pensavano loro.<\/em>&#8220;<\/p>\n\n\n\n<figure class=\"wp-block-image size-large\"><img decoding=\"async\" loading=\"lazy\" width=\"1024\" height=\"683\" src=\"http:\/\/www.belfiorese.it\/new\/wp-content\/uploads\/2022\/06\/FB_IMG_1654544984986-1024x683.jpg\" alt=\"\" class=\"wp-image-6516\" srcset=\"https:\/\/www.belfiorese.it\/new\/wp-content\/uploads\/2022\/06\/FB_IMG_1654544984986-1024x683.jpg 1024w, https:\/\/www.belfiorese.it\/new\/wp-content\/uploads\/2022\/06\/FB_IMG_1654544984986-300x200.jpg 300w, https:\/\/www.belfiorese.it\/new\/wp-content\/uploads\/2022\/06\/FB_IMG_1654544984986-768x512.jpg 768w, https:\/\/www.belfiorese.it\/new\/wp-content\/uploads\/2022\/06\/FB_IMG_1654544984986-360x240.jpg 360w, https:\/\/www.belfiorese.it\/new\/wp-content\/uploads\/2022\/06\/FB_IMG_1654544984986-24x16.jpg 24w, https:\/\/www.belfiorese.it\/new\/wp-content\/uploads\/2022\/06\/FB_IMG_1654544984986-36x24.jpg 36w, https:\/\/www.belfiorese.it\/new\/wp-content\/uploads\/2022\/06\/FB_IMG_1654544984986-48x32.jpg 48w, https:\/\/www.belfiorese.it\/new\/wp-content\/uploads\/2022\/06\/FB_IMG_1654544984986.jpg 1080w\" sizes=\"(max-width: 1024px) 100vw, 1024px\" \/><\/figure>\n\n\n\n<p>&#8220;<em>Abbiamo fatto qualcosa che rimarr\u00e0 nella storia e non solo della societ\u00e0 Belfiorese ma del calcio giovanile. E&#8217; una vittoria che nasce da lontano, partita anni fa e rinforzando piano piano il gruppo con l&#8217;inserimento di qualche elemento anno dopo anno e cos\u00ec siamo arrivati a risultati di questo genere.<\/em> <em>Il nostro segreto \u00e8 stato la forza di questo gruppo che alla fine ha davvero fatto la differenza!<\/em>&#8220;<\/p>\n\n\n\n<p>18 giugno 2022   <\/p>\n","protected":false},"excerpt":{"rendered":"<p>Simpatica chiacchierata con il tecnico dei Giovanissimi Under 15 della Belfiorese Tiziano Ferrarese al termine di questa brillante stagione con la storica vittoria del Titolo Provinciale di categoria. Tiziano, intanto ti facciamo i complimenti per come hai saputo gestire l&#8217;intera stagione, anche nei momenti di difficolt\u00e0, e per aver saputo [&hellip;]<\/p>\n","protected":false},"author":2,"featured_media":6513,"comment_status":"closed","ping_status":"closed","sticky":false,"template":"","format":"standard","meta":{"footnotes":""},"categories":[3],"tags":[],"yoast_head":"<!-- This site is optimized with the Yoast SEO plugin v21.4 - https:\/\/yoast.com\/wordpress\/plugins\/seo\/ -->\r\n<title>TIZIANO FERRARESE (Under 15 Belfiorese) \u201cLa nostra forza \u00e8 stato il gruppo, il titolo provinciale rester\u00e0 nella storia!\u201d - Polisportiva Dilettantistica Belfiorese<\/title>\r\n<meta name=\"robots\" content=\"index, follow, max-snippet:-1, max-image-preview:large, max-video-preview:-1\" \/>\r\n<link rel=\"canonical\" href=\"https:\/\/www.belfiorese.it\/new\/index.php\/2022\/tiziano-ferrarese-under-15-belfiorese-la-nostra-forza-e-stato-il-gruppo-la-vittoria-del-titolo-provinciale-restera-nella-storia\/\" \/>\r\n<meta property=\"og:locale\" content=\"it_IT\" \/>\r\n<meta property=\"og:type\" content=\"article\" \/>\r\n<meta property=\"og:title\" content=\"TIZIANO FERRARESE (Under 15 Belfiorese) \u201cLa nostra forza \u00e8 stato il gruppo, il titolo provinciale rester\u00e0 nella storia!\u201d - Polisportiva Dilettantistica Belfiorese\" \/>\r\n<meta property=\"og:description\" content=\"Simpatica chiacchierata con il tecnico dei Giovanissimi Under 15 della Belfiorese Tiziano Ferrarese al termine di questa brillante stagione con la storica vittoria del Titolo Provinciale di categoria. Tiziano, intanto ti facciamo i complimenti per come hai saputo gestire l&#8217;intera stagione, anche nei momenti di difficolt\u00e0, e per aver saputo [&hellip;]\" \/>\r\n<meta property=\"og:url\" content=\"https:\/\/www.belfiorese.it\/new\/index.php\/2022\/tiziano-ferrarese-under-15-belfiorese-la-nostra-forza-e-stato-il-gruppo-la-vittoria-del-titolo-provinciale-restera-nella-storia\/\" \/>\r\n<meta property=\"og:site_name\" content=\"Polisportiva Dilettantistica Belfiorese\" \/>\r\n<meta property=\"article:publisher\" content=\"https:\/\/www.facebook.com\/Belfiorese-117024602283911\" \/>\r\n<meta property=\"article:published_time\" content=\"2022-06-18T08:49:39+00:00\" \/>\r\n<meta property=\"article:modified_time\" content=\"2022-06-18T09:10:23+00:00\" \/>\r\n<meta property=\"og:image\" content=\"https:\/\/www.belfiorese.it\/new\/wp-content\/uploads\/2022\/06\/Picsart_22-06-18_10-39-58-990-scaled.jpg\" \/>\r\n\t<meta property=\"og:image:width\" content=\"2560\" \/>\r\n\t<meta property=\"og:image:height\" content=\"2560\" \/>\r\n\t<meta property=\"og:image:type\" content=\"image\/jpeg\" \/>\r\n<meta name=\"author\" content=\"Andrea Varco\" \/>\r\n<meta name=\"twitter:card\" content=\"summary_large_image\" \/>\r\n<meta name=\"twitter:label1\" content=\"Scritto da\" \/>\n\t<meta name=\"twitter:data1\" content=\"Andrea Varco\" \/>\n\t<meta name=\"twitter:label2\" content=\"Tempo di lettura stimato\" \/>\n\t<meta name=\"twitter:data2\" content=\"5 minuti\" \/>\r\n<script type=\"application\/ld+json\" class=\"yoast-schema-graph\">{\"@context\":\"https:\/\/schema.org\",\"@graph\":[{\"@type\":\"Article\",\"@id\":\"https:\/\/www.belfiorese.it\/new\/index.php\/2022\/tiziano-ferrarese-under-15-belfiorese-la-nostra-forza-e-stato-il-gruppo-la-vittoria-del-titolo-provinciale-restera-nella-storia\/#article\",\"isPartOf\":{\"@id\":\"https:\/\/www.belfiorese.it\/new\/index.php\/2022\/tiziano-ferrarese-under-15-belfiorese-la-nostra-forza-e-stato-il-gruppo-la-vittoria-del-titolo-provinciale-restera-nella-storia\/\"},\"author\":{\"name\":\"Andrea Varco\",\"@id\":\"https:\/\/www.belfiorese.it\/new\/#\/schema\/person\/47d9b99f526d7d1671d98da993dd42ad\"},\"headline\":\"TIZIANO FERRARESE (Under 15 Belfiorese) \u201cLa nostra forza \u00e8 stato il gruppo, il titolo provinciale rester\u00e0 nella storia!\u201d\",\"datePublished\":\"2022-06-18T08:49:39+00:00\",\"dateModified\":\"2022-06-18T09:10:23+00:00\",\"mainEntityOfPage\":{\"@id\":\"https:\/\/www.belfiorese.it\/new\/index.php\/2022\/tiziano-ferrarese-under-15-belfiorese-la-nostra-forza-e-stato-il-gruppo-la-vittoria-del-titolo-provinciale-restera-nella-storia\/\"},\"wordCount\":1057,\"publisher\":{\"@id\":\"https:\/\/www.belfiorese.it\/new\/#organization\"},\"articleSection\":[\"Calcio\"],\"inLanguage\":\"it-IT\"},{\"@type\":\"WebPage\",\"@id\":\"https:\/\/www.belfiorese.it\/new\/index.php\/2022\/tiziano-ferrarese-under-15-belfiorese-la-nostra-forza-e-stato-il-gruppo-la-vittoria-del-titolo-provinciale-restera-nella-storia\/\",\"url\":\"https:\/\/www.belfiorese.it\/new\/index.php\/2022\/tiziano-ferrarese-under-15-belfiorese-la-nostra-forza-e-stato-il-gruppo-la-vittoria-del-titolo-provinciale-restera-nella-storia\/\",\"name\":\"TIZIANO FERRARESE (Under 15 Belfiorese) \u201cLa nostra forza \u00e8 stato il gruppo, il titolo provinciale rester\u00e0 nella storia!\u201d - Polisportiva Dilettantistica Belfiorese\",\"isPartOf\":{\"@id\":\"https:\/\/www.belfiorese.it\/new\/#website\"},\"datePublished\":\"2022-06-18T08:49:39+00:00\",\"dateModified\":\"2022-06-18T09:10:23+00:00\",\"breadcrumb\":{\"@id\":\"https:\/\/www.belfiorese.it\/new\/index.php\/2022\/tiziano-ferrarese-under-15-belfiorese-la-nostra-forza-e-stato-il-gruppo-la-vittoria-del-titolo-provinciale-restera-nella-storia\/#breadcrumb\"},\"inLanguage\":\"it-IT\",\"potentialAction\":[{\"@type\":\"ReadAction\",\"target\":[\"https:\/\/www.belfiorese.it\/new\/index.php\/2022\/tiziano-ferrarese-under-15-belfiorese-la-nostra-forza-e-stato-il-gruppo-la-vittoria-del-titolo-provinciale-restera-nella-storia\/\"]}]},{\"@type\":\"BreadcrumbList\",\"@id\":\"https:\/\/www.belfiorese.it\/new\/index.php\/2022\/tiziano-ferrarese-under-15-belfiorese-la-nostra-forza-e-stato-il-gruppo-la-vittoria-del-titolo-provinciale-restera-nella-storia\/#breadcrumb\",\"itemListElement\":[{\"@type\":\"ListItem\",\"position\":1,\"name\":\"Home\",\"item\":\"https:\/\/www.belfiorese.it\/new\/\"},{\"@type\":\"ListItem\",\"position\":2,\"name\":\"TIZIANO FERRARESE (Under 15 Belfiorese) \u201cLa nostra forza \u00e8 stato il gruppo, il titolo provinciale rester\u00e0 nella storia!\u201d\"}]},{\"@type\":\"WebSite\",\"@id\":\"https:\/\/www.belfiorese.it\/new\/#website\",\"url\":\"https:\/\/www.belfiorese.it\/new\/\",\"name\":\"Polisportiva Dilettantistica Belfiorese\",\"description\":\"Non chiederti MAI... cosa i tuoi compagni di squadra possono fare per te. Ma chiediti SEMPRE... cosa tu puoi fare per i tuoi compagni di squadra\",\"publisher\":{\"@id\":\"https:\/\/www.belfiorese.it\/new\/#organization\"},\"potentialAction\":[{\"@type\":\"SearchAction\",\"target\":{\"@type\":\"EntryPoint\",\"urlTemplate\":\"https:\/\/www.belfiorese.it\/new\/?s={search_term_string}\"},\"query-input\":\"required name=search_term_string\"}],\"inLanguage\":\"it-IT\"},{\"@type\":\"Organization\",\"@id\":\"https:\/\/www.belfiorese.it\/new\/#organization\",\"name\":\"Polisportiva Dilettantistica Belfiorese\",\"url\":\"https:\/\/www.belfiorese.it\/new\/\",\"logo\":{\"@type\":\"ImageObject\",\"inLanguage\":\"it-IT\",\"@id\":\"https:\/\/www.belfiorese.it\/new\/#\/schema\/logo\/image\/\",\"url\":\"https:\/\/www.belfiorese.it\/new\/wp-content\/uploads\/2020\/09\/logo.png\",\"contentUrl\":\"https:\/\/www.belfiorese.it\/new\/wp-content\/uploads\/2020\/09\/logo.png\",\"width\":1350,\"height\":1500,\"caption\":\"Polisportiva Dilettantistica Belfiorese\"},\"image\":{\"@id\":\"https:\/\/www.belfiorese.it\/new\/#\/schema\/logo\/image\/\"},\"sameAs\":[\"https:\/\/www.facebook.com\/Belfiorese-117024602283911\"]},{\"@type\":\"Person\",\"@id\":\"https:\/\/www.belfiorese.it\/new\/#\/schema\/person\/47d9b99f526d7d1671d98da993dd42ad\",\"name\":\"Andrea Varco\",\"image\":{\"@type\":\"ImageObject\",\"inLanguage\":\"it-IT\",\"@id\":\"https:\/\/www.belfiorese.it\/new\/#\/schema\/person\/image\/\",\"url\":\"https:\/\/secure.gravatar.com\/avatar\/54a1fdd78c01dae98b60e85c8d6c600c?s=96&d=mm&r=g\",\"contentUrl\":\"https:\/\/secure.gravatar.com\/avatar\/54a1fdd78c01dae98b60e85c8d6c600c?s=96&d=mm&r=g\",\"caption\":\"Andrea Varco\"},\"url\":\"https:\/\/www.belfiorese.it\/new\/index.php\/author\/andreavarco\/\"}]}<\/script>\r\n<!-- \/ Yoast SEO plugin. -->","yoast_head_json":{"title":"TIZIANO FERRARESE (Under 15 Belfiorese) \u201cLa nostra forza \u00e8 stato il gruppo, il titolo provinciale rester\u00e0 nella storia!\u201d - Polisportiva Dilettantistica Belfiorese","robots":{"index":"index","follow":"follow","max-snippet":"max-snippet:-1","max-image-preview":"max-image-preview:large","max-video-preview":"max-video-preview:-1"},"canonical":"https:\/\/www.belfiorese.it\/new\/index.php\/2022\/tiziano-ferrarese-under-15-belfiorese-la-nostra-forza-e-stato-il-gruppo-la-vittoria-del-titolo-provinciale-restera-nella-storia\/","og_locale":"it_IT","og_type":"article","og_title":"TIZIANO FERRARESE (Under 15 Belfiorese) \u201cLa nostra forza \u00e8 stato il gruppo, il titolo provinciale rester\u00e0 nella storia!\u201d - Polisportiva Dilettantistica Belfiorese","og_description":"Simpatica chiacchierata con il tecnico dei Giovanissimi Under 15 della Belfiorese Tiziano Ferrarese al termine di questa brillante stagione con la storica vittoria del Titolo Provinciale di categoria. Tiziano, intanto ti facciamo i complimenti per come hai saputo gestire l&#8217;intera stagione, anche nei momenti di difficolt\u00e0, e per aver saputo [&hellip;]","og_url":"https:\/\/www.belfiorese.it\/new\/index.php\/2022\/tiziano-ferrarese-under-15-belfiorese-la-nostra-forza-e-stato-il-gruppo-la-vittoria-del-titolo-provinciale-restera-nella-storia\/","og_site_name":"Polisportiva Dilettantistica Belfiorese","article_publisher":"https:\/\/www.facebook.com\/Belfiorese-117024602283911","article_published_time":"2022-06-18T08:49:39+00:00","article_modified_time":"2022-06-18T09:10:23+00:00","og_image":[{"width":2560,"height":2560,"url":"https:\/\/www.belfiorese.it\/new\/wp-content\/uploads\/2022\/06\/Picsart_22-06-18_10-39-58-990-scaled.jpg","type":"image\/jpeg"}],"author":"Andrea Varco","twitter_card":"summary_large_image","twitter_misc":{"Scritto da":"Andrea Varco","Tempo di lettura stimato":"5 minuti"},"schema":{"@context":"https:\/\/schema.org","@graph":[{"@type":"Article","@id":"https:\/\/www.belfiorese.it\/new\/index.php\/2022\/tiziano-ferrarese-under-15-belfiorese-la-nostra-forza-e-stato-il-gruppo-la-vittoria-del-titolo-provinciale-restera-nella-storia\/#article","isPartOf":{"@id":"https:\/\/www.belfiorese.it\/new\/index.php\/2022\/tiziano-ferrarese-under-15-belfiorese-la-nostra-forza-e-stato-il-gruppo-la-vittoria-del-titolo-provinciale-restera-nella-storia\/"},"author":{"name":"Andrea Varco","@id":"https:\/\/www.belfiorese.it\/new\/#\/schema\/person\/47d9b99f526d7d1671d98da993dd42ad"},"headline":"TIZIANO FERRARESE (Under 15 Belfiorese) \u201cLa nostra forza \u00e8 stato il gruppo, il titolo provinciale rester\u00e0 nella storia!\u201d","datePublished":"2022-06-18T08:49:39+00:00","dateModified":"2022-06-18T09:10:23+00:00","mainEntityOfPage":{"@id":"https:\/\/www.belfiorese.it\/new\/index.php\/2022\/tiziano-ferrarese-under-15-belfiorese-la-nostra-forza-e-stato-il-gruppo-la-vittoria-del-titolo-provinciale-restera-nella-storia\/"},"wordCount":1057,"publisher":{"@id":"https:\/\/www.belfiorese.it\/new\/#organization"},"articleSection":["Calcio"],"inLanguage":"it-IT"},{"@type":"WebPage","@id":"https:\/\/www.belfiorese.it\/new\/index.php\/2022\/tiziano-ferrarese-under-15-belfiorese-la-nostra-forza-e-stato-il-gruppo-la-vittoria-del-titolo-provinciale-restera-nella-storia\/","url":"https:\/\/www.belfiorese.it\/new\/index.php\/2022\/tiziano-ferrarese-under-15-belfiorese-la-nostra-forza-e-stato-il-gruppo-la-vittoria-del-titolo-provinciale-restera-nella-storia\/","name":"TIZIANO FERRARESE (Under 15 Belfiorese) \u201cLa nostra forza \u00e8 stato il gruppo, il titolo provinciale rester\u00e0 nella storia!\u201d - Polisportiva Dilettantistica Belfiorese","isPartOf":{"@id":"https:\/\/www.belfiorese.it\/new\/#website"},"datePublished":"2022-06-18T08:49:39+00:00","dateModified":"2022-06-18T09:10:23+00:00","breadcrumb":{"@id":"https:\/\/www.belfiorese.it\/new\/index.php\/2022\/tiziano-ferrarese-under-15-belfiorese-la-nostra-forza-e-stato-il-gruppo-la-vittoria-del-titolo-provinciale-restera-nella-storia\/#breadcrumb"},"inLanguage":"it-IT","potentialAction":[{"@type":"ReadAction","target":["https:\/\/www.belfiorese.it\/new\/index.php\/2022\/tiziano-ferrarese-under-15-belfiorese-la-nostra-forza-e-stato-il-gruppo-la-vittoria-del-titolo-provinciale-restera-nella-storia\/"]}]},{"@type":"BreadcrumbList","@id":"https:\/\/www.belfiorese.it\/new\/index.php\/2022\/tiziano-ferrarese-under-15-belfiorese-la-nostra-forza-e-stato-il-gruppo-la-vittoria-del-titolo-provinciale-restera-nella-storia\/#breadcrumb","itemListElement":[{"@type":"ListItem","position":1,"name":"Home","item":"https:\/\/www.belfiorese.it\/new\/"},{"@type":"ListItem","position":2,"name":"TIZIANO FERRARESE (Under 15 Belfiorese) \u201cLa nostra forza \u00e8 stato il gruppo, il titolo provinciale rester\u00e0 nella storia!\u201d"}]},{"@type":"WebSite","@id":"https:\/\/www.belfiorese.it\/new\/#website","url":"https:\/\/www.belfiorese.it\/new\/","name":"Polisportiva Dilettantistica Belfiorese","description":"Non chiederti MAI... cosa i tuoi compagni di squadra possono fare per te. Ma chiediti SEMPRE... cosa tu puoi fare per i tuoi compagni di squadra","publisher":{"@id":"https:\/\/www.belfiorese.it\/new\/#organization"},"potentialAction":[{"@type":"SearchAction","target":{"@type":"EntryPoint","urlTemplate":"https:\/\/www.belfiorese.it\/new\/?s={search_term_string}"},"query-input":"required name=search_term_string"}],"inLanguage":"it-IT"},{"@type":"Organization","@id":"https:\/\/www.belfiorese.it\/new\/#organization","name":"Polisportiva Dilettantistica Belfiorese","url":"https:\/\/www.belfiorese.it\/new\/","logo":{"@type":"ImageObject","inLanguage":"it-IT","@id":"https:\/\/www.belfiorese.it\/new\/#\/schema\/logo\/image\/","url":"https:\/\/www.belfiorese.it\/new\/wp-content\/uploads\/2020\/09\/logo.png","contentUrl":"https:\/\/www.belfiorese.it\/new\/wp-content\/uploads\/2020\/09\/logo.png","width":1350,"height":1500,"caption":"Polisportiva Dilettantistica Belfiorese"},"image":{"@id":"https:\/\/www.belfiorese.it\/new\/#\/schema\/logo\/image\/"},"sameAs":["https:\/\/www.facebook.com\/Belfiorese-117024602283911"]},{"@type":"Person","@id":"https:\/\/www.belfiorese.it\/new\/#\/schema\/person\/47d9b99f526d7d1671d98da993dd42ad","name":"Andrea Varco","image":{"@type":"ImageObject","inLanguage":"it-IT","@id":"https:\/\/www.belfiorese.it\/new\/#\/schema\/person\/image\/","url":"https:\/\/secure.gravatar.com\/avatar\/54a1fdd78c01dae98b60e85c8d6c600c?s=96&d=mm&r=g","contentUrl":"https:\/\/secure.gravatar.com\/avatar\/54a1fdd78c01dae98b60e85c8d6c600c?s=96&d=mm&r=g","caption":"Andrea Varco"},"url":"https:\/\/www.belfiorese.it\/new\/index.php\/author\/andreavarco\/"}]}},"_links":{"self":[{"href":"https:\/\/www.belfiorese.it\/new\/index.php\/wp-json\/wp\/v2\/posts\/6507"}],"collection":[{"href":"https:\/\/www.belfiorese.it\/new\/index.php\/wp-json\/wp\/v2\/posts"}],"about":[{"href":"https:\/\/www.belfiorese.it\/new\/index.php\/wp-json\/wp\/v2\/types\/post"}],"author":[{"embeddable":true,"href":"https:\/\/www.belfiorese.it\/new\/index.php\/wp-json\/wp\/v2\/users\/2"}],"replies":[{"embeddable":true,"href":"https:\/\/www.belfiorese.it\/new\/index.php\/wp-json\/wp\/v2\/comments?post=6507"}],"version-history":[{"count":8,"href":"https:\/\/www.belfiorese.it\/new\/index.php\/wp-json\/wp\/v2\/posts\/6507\/revisions"}],"predecessor-version":[{"id":6523,"href":"https:\/\/www.belfiorese.it\/new\/index.php\/wp-json\/wp\/v2\/posts\/6507\/revisions\/6523"}],"wp:featuredmedia":[{"embeddable":true,"href":"https:\/\/www.belfiorese.it\/new\/index.php\/wp-json\/wp\/v2\/media\/6513"}],"wp:attachment":[{"href":"https:\/\/www.belfiorese.it\/new\/index.php\/wp-json\/wp\/v2\/media?parent=6507"}],"wp:term":[{"taxonomy":"category","embeddable":true,"href":"https:\/\/www.belfiorese.it\/new\/index.php\/wp-json\/wp\/v2\/categories?post=6507"},{"taxonomy":"post_tag","embeddable":true,"href":"https:\/\/www.belfiorese.it\/new\/index.php\/wp-json\/wp\/v2\/tags?post=6507"}],"curies":[{"name":"wp","href":"https:\/\/api.w.org\/{rel}","templated":true}]}}