{"id":6397,"date":"2022-05-31T13:54:10","date_gmt":"2022-05-31T11:54:10","guid":{"rendered":"http:\/\/www.belfiorese.it\/new\/?p=6397"},"modified":"2022-05-31T16:42:11","modified_gmt":"2022-05-31T14:42:11","slug":"progetto-valorizzazione-giovani-calciatori-premiata-la-belfiorese-2-classificata-su-42-societa-venete","status":"publish","type":"post","link":"https:\/\/www.belfiorese.it\/new\/index.php\/2022\/progetto-valorizzazione-giovani-calciatori-premiata-la-belfiorese-2-classificata-su-42-societa-venete\/","title":{"rendered":"\u201cPROGETTO VALORIZZAZIONE GIOVANI CALCIATORI\u201d: PREMIATA LA BELFIORESE che arriva 2^ tra 42 societ\u00e0 venete!"},"content":{"rendered":"\n<figure class=\"wp-block-image size-large\"><img decoding=\"async\" loading=\"lazy\" width=\"1024\" height=\"665\" src=\"http:\/\/www.belfiorese.it\/new\/wp-content\/uploads\/2022\/05\/Picsart_22-05-31_12-04-02-689-1024x665.jpg\" alt=\"\" class=\"wp-image-6402\" srcset=\"https:\/\/www.belfiorese.it\/new\/wp-content\/uploads\/2022\/05\/Picsart_22-05-31_12-04-02-689-1024x665.jpg 1024w, https:\/\/www.belfiorese.it\/new\/wp-content\/uploads\/2022\/05\/Picsart_22-05-31_12-04-02-689-300x195.jpg 300w, https:\/\/www.belfiorese.it\/new\/wp-content\/uploads\/2022\/05\/Picsart_22-05-31_12-04-02-689-768x499.jpg 768w, https:\/\/www.belfiorese.it\/new\/wp-content\/uploads\/2022\/05\/Picsart_22-05-31_12-04-02-689-1536x997.jpg 1536w, https:\/\/www.belfiorese.it\/new\/wp-content\/uploads\/2022\/05\/Picsart_22-05-31_12-04-02-689-24x16.jpg 24w, https:\/\/www.belfiorese.it\/new\/wp-content\/uploads\/2022\/05\/Picsart_22-05-31_12-04-02-689-36x23.jpg 36w, https:\/\/www.belfiorese.it\/new\/wp-content\/uploads\/2022\/05\/Picsart_22-05-31_12-04-02-689-48x31.jpg 48w, https:\/\/www.belfiorese.it\/new\/wp-content\/uploads\/2022\/05\/Picsart_22-05-31_12-04-02-689.jpg 1787w\" sizes=\"(max-width: 1024px) 100vw, 1024px\" \/><\/figure>\n\n\n\n<p><strong>E&#8217; LA &#8220;CILIEGINA SULLA TORTA&#8221; A CONCLUSIONE DI UNA FANTASTICA STAGIONE DI ECCELLENZA!<\/strong><\/p>\n\n\n\n<p>La Societ\u00e0 <strong>Belfiorese<\/strong> si piazza al 2\u00b0 posto della classifica regionale definitiva del \u201c<em>Progetto Valorizzazione Giovani Calciatori Campionati Regionali Maschili di Eccellenza per la stagione sportiva 2021-2022<\/em>\u201d in virt\u00f9 della classifica finale resa nota nei giorni scorsi.<\/p>\n\n\n\n<p>Ancora una volta la Belfiorese non solo far parlare di s\u00e8 per meriti sportivi ma si colloca nelle primissime posizioni per pregi legati alla valorizzazione dei giovani calciatori grazie alla costante ed esponenziale crescita del vivaio biancazzurro, da anni al centro degli obiettivi societari.<\/p>\n\n\n\n<div class=\"wp-block-image\"><figure class=\"alignright size-large is-resized\"><img decoding=\"async\" loading=\"lazy\" src=\"http:\/\/www.belfiorese.it\/new\/wp-content\/uploads\/2022\/05\/Picsart_22-05-31_15-02-33-908-1024x1021.jpg\" alt=\"\" class=\"wp-image-6406\" width=\"149\" height=\"149\" srcset=\"https:\/\/www.belfiorese.it\/new\/wp-content\/uploads\/2022\/05\/Picsart_22-05-31_15-02-33-908-1024x1021.jpg 1024w, https:\/\/www.belfiorese.it\/new\/wp-content\/uploads\/2022\/05\/Picsart_22-05-31_15-02-33-908-300x300.jpg 300w, https:\/\/www.belfiorese.it\/new\/wp-content\/uploads\/2022\/05\/Picsart_22-05-31_15-02-33-908-150x150.jpg 150w, https:\/\/www.belfiorese.it\/new\/wp-content\/uploads\/2022\/05\/Picsart_22-05-31_15-02-33-908-768x766.jpg 768w, https:\/\/www.belfiorese.it\/new\/wp-content\/uploads\/2022\/05\/Picsart_22-05-31_15-02-33-908-24x24.jpg 24w, https:\/\/www.belfiorese.it\/new\/wp-content\/uploads\/2022\/05\/Picsart_22-05-31_15-02-33-908-36x36.jpg 36w, https:\/\/www.belfiorese.it\/new\/wp-content\/uploads\/2022\/05\/Picsart_22-05-31_15-02-33-908-48x48.jpg 48w, https:\/\/www.belfiorese.it\/new\/wp-content\/uploads\/2022\/05\/Picsart_22-05-31_15-02-33-908.jpg 1083w\" sizes=\"(max-width: 149px) 100vw, 149px\" \/><\/figure><\/div>\n\n\n\n<p><strong>Il Presidente Giuseppe Mosele \u00e8 raggiante per il prestigioso riconoscimento e commenta a caldo:<\/strong> &#8220;<em>Sono estremamente contento per questo premio che arriva al termine di una fantastica stagione gi\u00e0 piena di tante soddisfazioni per i colori biancazzurri. Lo spirito della Belfiorese e delle persone che come me la rappresentano si identifica proprio in questo premio perch\u00e9 da sempre ci sta a cuore la crescita dei nostri giovani calciatori. \u00c8 una grande soddisfazione raggiungere la seconda posizione in una classifica regionale che ci vede primeggiare su molte storiche e titolate piazze calcistiche venete!<\/em>&#8220;<\/p>\n\n\n\n<p>Ricordiamo che la dirigenza biancazzurra ha aderito fin da subito all&#8217;iniziativa nata per promuovere una rilevante politica dei giovani nell\u2019ambito dei propri organici, incentivando il loro utilizzo nelle gare ufficiali del campionato di Eccellenza ed \u00e8 stata premiata per essere la seconda societ\u00e0 di tutta la Regione Veneto che pi\u00f9 delle altre ha avuto il merito di impiegare un numero maggiore di cd. \u201c<em>giovani<\/em>\u201d in aggiunta a quelli che devono essere schierati per adempiere agli obblighi previsti dal Comitato Regionale FIGC.<\/p>\n\n\n\n<div class=\"wp-block-image\"><figure class=\"alignleft size-large is-resized\"><img decoding=\"async\" loading=\"lazy\" src=\"http:\/\/www.belfiorese.it\/new\/wp-content\/uploads\/2022\/05\/Picsart_22-05-24_12-24-27-422-1018x1024.jpg\" alt=\"\" class=\"wp-image-6378\" width=\"142\" height=\"143\" srcset=\"https:\/\/www.belfiorese.it\/new\/wp-content\/uploads\/2022\/05\/Picsart_22-05-24_12-24-27-422-1018x1024.jpg 1018w, https:\/\/www.belfiorese.it\/new\/wp-content\/uploads\/2022\/05\/Picsart_22-05-24_12-24-27-422-298x300.jpg 298w, https:\/\/www.belfiorese.it\/new\/wp-content\/uploads\/2022\/05\/Picsart_22-05-24_12-24-27-422-150x150.jpg 150w, https:\/\/www.belfiorese.it\/new\/wp-content\/uploads\/2022\/05\/Picsart_22-05-24_12-24-27-422-768x772.jpg 768w, https:\/\/www.belfiorese.it\/new\/wp-content\/uploads\/2022\/05\/Picsart_22-05-24_12-24-27-422-24x24.jpg 24w, https:\/\/www.belfiorese.it\/new\/wp-content\/uploads\/2022\/05\/Picsart_22-05-24_12-24-27-422-36x36.jpg 36w, https:\/\/www.belfiorese.it\/new\/wp-content\/uploads\/2022\/05\/Picsart_22-05-24_12-24-27-422-48x48.jpg 48w, https:\/\/www.belfiorese.it\/new\/wp-content\/uploads\/2022\/05\/Picsart_22-05-24_12-24-27-422.jpg 1080w\" sizes=\"(max-width: 142px) 100vw, 142px\" \/><\/figure><\/div>\n\n\n\n<p><strong>Abbiamo raggiunto anche il DS Mirko Cucchetto che con grande gioia ci confida:<\/strong> \u201d<em>Questo \u00e8 per noi un grande risultato! Da 2 anni portiamo avanti come societ\u00e0 una filosofia di ringiovanimento accostando a 4-5 giocatori di grande esperienza una serie di giovani calciatori, alcuni gi\u00e0 rodati ed altri invece al debutto in categoria. L\u2019et\u00e0 media della nostra prima squadra \u00e8 di 22 anni ed in pi\u00f9 occasioni abbiamo giocato partite con 5 o 6 \u2018fuori-quota\u2019 titolari in campo. Questo risultato \u00e8 il giusto mix tra vari fattori: la scelta accurata dei profili giovani e la gestione degli stessi, la scelta dei giusti senatori dello spogliatoio come esempio, la scelta di un mister adeguto e la pazienza, seriet\u00e0 e disponibilit\u00e0 della societ\u00e0 nel perseguire i propri obiettivi mantenendo un\u2019ambiente famigliare. Esserci classificati secondi a livello regionale su 42 squadre ci riempie d\u2019orgoglio, in particolare se leggiamo il dato in relazione al fatto che al termine del campionato siamo giunti al quinto posto della classifica, frutto di un lavoro pazzesco. Vuol dire che siamo stati davvero bravi!<\/em>\u201c<\/p>\n\n\n\n<p>31 maggio 2022<\/p>\n","protected":false},"excerpt":{"rendered":"<p>E&#8217; LA &#8220;CILIEGINA SULLA TORTA&#8221; A CONCLUSIONE DI UNA FANTASTICA STAGIONE DI ECCELLENZA! La Societ\u00e0 Belfiorese si piazza al 2\u00b0 posto della classifica regionale definitiva del \u201cProgetto Valorizzazione Giovani Calciatori Campionati Regionali Maschili di Eccellenza per la stagione sportiva 2021-2022\u201d in virt\u00f9 della classifica finale resa nota nei giorni scorsi. [&hellip;]<\/p>\n","protected":false},"author":2,"featured_media":6401,"comment_status":"closed","ping_status":"closed","sticky":false,"template":"","format":"standard","meta":{"footnotes":""},"categories":[3],"tags":[],"yoast_head":"<!-- This site is optimized with the Yoast SEO plugin v21.4 - https:\/\/yoast.com\/wordpress\/plugins\/seo\/ -->\r\n<title>\u201cPROGETTO VALORIZZAZIONE GIOVANI CALCIATORI\u201d: PREMIATA LA BELFIORESE che arriva 2^ tra 42 societ\u00e0 venete! - Polisportiva Dilettantistica Belfiorese<\/title>\r\n<meta name=\"robots\" content=\"index, follow, max-snippet:-1, max-image-preview:large, max-video-preview:-1\" \/>\r\n<link rel=\"canonical\" href=\"https:\/\/www.belfiorese.it\/new\/index.php\/2022\/progetto-valorizzazione-giovani-calciatori-premiata-la-belfiorese-2-classificata-su-42-societa-venete\/\" \/>\r\n<meta property=\"og:locale\" content=\"it_IT\" \/>\r\n<meta property=\"og:type\" content=\"article\" \/>\r\n<meta property=\"og:title\" content=\"\u201cPROGETTO VALORIZZAZIONE GIOVANI CALCIATORI\u201d: PREMIATA LA BELFIORESE che arriva 2^ tra 42 societ\u00e0 venete! - Polisportiva Dilettantistica Belfiorese\" \/>\r\n<meta property=\"og:description\" content=\"E&#8217; LA &#8220;CILIEGINA SULLA TORTA&#8221; A CONCLUSIONE DI UNA FANTASTICA STAGIONE DI ECCELLENZA! La Societ\u00e0 Belfiorese si piazza al 2\u00b0 posto della classifica regionale definitiva del \u201cProgetto Valorizzazione Giovani Calciatori Campionati Regionali Maschili di Eccellenza per la stagione sportiva 2021-2022\u201d in virt\u00f9 della classifica finale resa nota nei giorni scorsi. [&hellip;]\" \/>\r\n<meta property=\"og:url\" content=\"https:\/\/www.belfiorese.it\/new\/index.php\/2022\/progetto-valorizzazione-giovani-calciatori-premiata-la-belfiorese-2-classificata-su-42-societa-venete\/\" \/>\r\n<meta property=\"og:site_name\" content=\"Polisportiva Dilettantistica Belfiorese\" \/>\r\n<meta property=\"article:publisher\" content=\"https:\/\/www.facebook.com\/Belfiorese-117024602283911\" \/>\r\n<meta property=\"article:published_time\" content=\"2022-05-31T11:54:10+00:00\" \/>\r\n<meta property=\"article:modified_time\" content=\"2022-05-31T14:42:11+00:00\" \/>\r\n<meta property=\"og:image\" content=\"https:\/\/www.belfiorese.it\/new\/wp-content\/uploads\/2022\/05\/IMG_20220531_120834.jpg\" \/>\r\n\t<meta property=\"og:image:width\" content=\"2000\" \/>\r\n\t<meta property=\"og:image:height\" content=\"2000\" \/>\r\n\t<meta property=\"og:image:type\" content=\"image\/jpeg\" \/>\r\n<meta name=\"author\" content=\"Andrea Varco\" \/>\r\n<meta name=\"twitter:card\" content=\"summary_large_image\" \/>\r\n<meta name=\"twitter:label1\" content=\"Scritto da\" \/>\n\t<meta name=\"twitter:data1\" content=\"Andrea Varco\" \/>\n\t<meta name=\"twitter:label2\" content=\"Tempo di lettura stimato\" \/>\n\t<meta name=\"twitter:data2\" content=\"2 minuti\" \/>\r\n<script type=\"application\/ld+json\" class=\"yoast-schema-graph\">{\"@context\":\"https:\/\/schema.org\",\"@graph\":[{\"@type\":\"Article\",\"@id\":\"https:\/\/www.belfiorese.it\/new\/index.php\/2022\/progetto-valorizzazione-giovani-calciatori-premiata-la-belfiorese-2-classificata-su-42-societa-venete\/#article\",\"isPartOf\":{\"@id\":\"https:\/\/www.belfiorese.it\/new\/index.php\/2022\/progetto-valorizzazione-giovani-calciatori-premiata-la-belfiorese-2-classificata-su-42-societa-venete\/\"},\"author\":{\"name\":\"Andrea Varco\",\"@id\":\"https:\/\/www.belfiorese.it\/new\/#\/schema\/person\/47d9b99f526d7d1671d98da993dd42ad\"},\"headline\":\"\u201cPROGETTO VALORIZZAZIONE GIOVANI CALCIATORI\u201d: PREMIATA LA BELFIORESE che arriva 2^ tra 42 societ\u00e0 venete!\",\"datePublished\":\"2022-05-31T11:54:10+00:00\",\"dateModified\":\"2022-05-31T14:42:11+00:00\",\"mainEntityOfPage\":{\"@id\":\"https:\/\/www.belfiorese.it\/new\/index.php\/2022\/progetto-valorizzazione-giovani-calciatori-premiata-la-belfiorese-2-classificata-su-42-societa-venete\/\"},\"wordCount\":447,\"publisher\":{\"@id\":\"https:\/\/www.belfiorese.it\/new\/#organization\"},\"articleSection\":[\"Calcio\"],\"inLanguage\":\"it-IT\"},{\"@type\":\"WebPage\",\"@id\":\"https:\/\/www.belfiorese.it\/new\/index.php\/2022\/progetto-valorizzazione-giovani-calciatori-premiata-la-belfiorese-2-classificata-su-42-societa-venete\/\",\"url\":\"https:\/\/www.belfiorese.it\/new\/index.php\/2022\/progetto-valorizzazione-giovani-calciatori-premiata-la-belfiorese-2-classificata-su-42-societa-venete\/\",\"name\":\"\u201cPROGETTO VALORIZZAZIONE GIOVANI CALCIATORI\u201d: PREMIATA LA BELFIORESE che arriva 2^ tra 42 societ\u00e0 venete! - Polisportiva Dilettantistica Belfiorese\",\"isPartOf\":{\"@id\":\"https:\/\/www.belfiorese.it\/new\/#website\"},\"datePublished\":\"2022-05-31T11:54:10+00:00\",\"dateModified\":\"2022-05-31T14:42:11+00:00\",\"breadcrumb\":{\"@id\":\"https:\/\/www.belfiorese.it\/new\/index.php\/2022\/progetto-valorizzazione-giovani-calciatori-premiata-la-belfiorese-2-classificata-su-42-societa-venete\/#breadcrumb\"},\"inLanguage\":\"it-IT\",\"potentialAction\":[{\"@type\":\"ReadAction\",\"target\":[\"https:\/\/www.belfiorese.it\/new\/index.php\/2022\/progetto-valorizzazione-giovani-calciatori-premiata-la-belfiorese-2-classificata-su-42-societa-venete\/\"]}]},{\"@type\":\"BreadcrumbList\",\"@id\":\"https:\/\/www.belfiorese.it\/new\/index.php\/2022\/progetto-valorizzazione-giovani-calciatori-premiata-la-belfiorese-2-classificata-su-42-societa-venete\/#breadcrumb\",\"itemListElement\":[{\"@type\":\"ListItem\",\"position\":1,\"name\":\"Home\",\"item\":\"https:\/\/www.belfiorese.it\/new\/\"},{\"@type\":\"ListItem\",\"position\":2,\"name\":\"\u201cPROGETTO VALORIZZAZIONE GIOVANI CALCIATORI\u201d: PREMIATA LA BELFIORESE che arriva 2^ tra 42 societ\u00e0 venete!\"}]},{\"@type\":\"WebSite\",\"@id\":\"https:\/\/www.belfiorese.it\/new\/#website\",\"url\":\"https:\/\/www.belfiorese.it\/new\/\",\"name\":\"Polisportiva Dilettantistica Belfiorese\",\"description\":\"Non chiederti MAI... cosa i tuoi compagni di squadra possono fare per te. Ma chiediti SEMPRE... cosa tu puoi fare per i tuoi compagni di squadra\",\"publisher\":{\"@id\":\"https:\/\/www.belfiorese.it\/new\/#organization\"},\"potentialAction\":[{\"@type\":\"SearchAction\",\"target\":{\"@type\":\"EntryPoint\",\"urlTemplate\":\"https:\/\/www.belfiorese.it\/new\/?s={search_term_string}\"},\"query-input\":\"required name=search_term_string\"}],\"inLanguage\":\"it-IT\"},{\"@type\":\"Organization\",\"@id\":\"https:\/\/www.belfiorese.it\/new\/#organization\",\"name\":\"Polisportiva Dilettantistica Belfiorese\",\"url\":\"https:\/\/www.belfiorese.it\/new\/\",\"logo\":{\"@type\":\"ImageObject\",\"inLanguage\":\"it-IT\",\"@id\":\"https:\/\/www.belfiorese.it\/new\/#\/schema\/logo\/image\/\",\"url\":\"https:\/\/www.belfiorese.it\/new\/wp-content\/uploads\/2020\/09\/logo.png\",\"contentUrl\":\"https:\/\/www.belfiorese.it\/new\/wp-content\/uploads\/2020\/09\/logo.png\",\"width\":1350,\"height\":1500,\"caption\":\"Polisportiva Dilettantistica Belfiorese\"},\"image\":{\"@id\":\"https:\/\/www.belfiorese.it\/new\/#\/schema\/logo\/image\/\"},\"sameAs\":[\"https:\/\/www.facebook.com\/Belfiorese-117024602283911\"]},{\"@type\":\"Person\",\"@id\":\"https:\/\/www.belfiorese.it\/new\/#\/schema\/person\/47d9b99f526d7d1671d98da993dd42ad\",\"name\":\"Andrea Varco\",\"image\":{\"@type\":\"ImageObject\",\"inLanguage\":\"it-IT\",\"@id\":\"https:\/\/www.belfiorese.it\/new\/#\/schema\/person\/image\/\",\"url\":\"https:\/\/secure.gravatar.com\/avatar\/54a1fdd78c01dae98b60e85c8d6c600c?s=96&d=mm&r=g\",\"contentUrl\":\"https:\/\/secure.gravatar.com\/avatar\/54a1fdd78c01dae98b60e85c8d6c600c?s=96&d=mm&r=g\",\"caption\":\"Andrea Varco\"},\"url\":\"https:\/\/www.belfiorese.it\/new\/index.php\/author\/andreavarco\/\"}]}<\/script>\r\n<!-- \/ Yoast SEO plugin. -->","yoast_head_json":{"title":"\u201cPROGETTO VALORIZZAZIONE GIOVANI CALCIATORI\u201d: PREMIATA LA BELFIORESE che arriva 2^ tra 42 societ\u00e0 venete! - Polisportiva Dilettantistica Belfiorese","robots":{"index":"index","follow":"follow","max-snippet":"max-snippet:-1","max-image-preview":"max-image-preview:large","max-video-preview":"max-video-preview:-1"},"canonical":"https:\/\/www.belfiorese.it\/new\/index.php\/2022\/progetto-valorizzazione-giovani-calciatori-premiata-la-belfiorese-2-classificata-su-42-societa-venete\/","og_locale":"it_IT","og_type":"article","og_title":"\u201cPROGETTO VALORIZZAZIONE GIOVANI CALCIATORI\u201d: PREMIATA LA BELFIORESE che arriva 2^ tra 42 societ\u00e0 venete! - Polisportiva Dilettantistica Belfiorese","og_description":"E&#8217; LA &#8220;CILIEGINA SULLA TORTA&#8221; A CONCLUSIONE DI UNA FANTASTICA STAGIONE DI ECCELLENZA! La Societ\u00e0 Belfiorese si piazza al 2\u00b0 posto della classifica regionale definitiva del \u201cProgetto Valorizzazione Giovani Calciatori Campionati Regionali Maschili di Eccellenza per la stagione sportiva 2021-2022\u201d in virt\u00f9 della classifica finale resa nota nei giorni scorsi. [&hellip;]","og_url":"https:\/\/www.belfiorese.it\/new\/index.php\/2022\/progetto-valorizzazione-giovani-calciatori-premiata-la-belfiorese-2-classificata-su-42-societa-venete\/","og_site_name":"Polisportiva Dilettantistica Belfiorese","article_publisher":"https:\/\/www.facebook.com\/Belfiorese-117024602283911","article_published_time":"2022-05-31T11:54:10+00:00","article_modified_time":"2022-05-31T14:42:11+00:00","og_image":[{"width":2000,"height":2000,"url":"https:\/\/www.belfiorese.it\/new\/wp-content\/uploads\/2022\/05\/IMG_20220531_120834.jpg","type":"image\/jpeg"}],"author":"Andrea Varco","twitter_card":"summary_large_image","twitter_misc":{"Scritto da":"Andrea Varco","Tempo di lettura stimato":"2 minuti"},"schema":{"@context":"https:\/\/schema.org","@graph":[{"@type":"Article","@id":"https:\/\/www.belfiorese.it\/new\/index.php\/2022\/progetto-valorizzazione-giovani-calciatori-premiata-la-belfiorese-2-classificata-su-42-societa-venete\/#article","isPartOf":{"@id":"https:\/\/www.belfiorese.it\/new\/index.php\/2022\/progetto-valorizzazione-giovani-calciatori-premiata-la-belfiorese-2-classificata-su-42-societa-venete\/"},"author":{"name":"Andrea Varco","@id":"https:\/\/www.belfiorese.it\/new\/#\/schema\/person\/47d9b99f526d7d1671d98da993dd42ad"},"headline":"\u201cPROGETTO VALORIZZAZIONE GIOVANI CALCIATORI\u201d: PREMIATA LA BELFIORESE che arriva 2^ tra 42 societ\u00e0 venete!","datePublished":"2022-05-31T11:54:10+00:00","dateModified":"2022-05-31T14:42:11+00:00","mainEntityOfPage":{"@id":"https:\/\/www.belfiorese.it\/new\/index.php\/2022\/progetto-valorizzazione-giovani-calciatori-premiata-la-belfiorese-2-classificata-su-42-societa-venete\/"},"wordCount":447,"publisher":{"@id":"https:\/\/www.belfiorese.it\/new\/#organization"},"articleSection":["Calcio"],"inLanguage":"it-IT"},{"@type":"WebPage","@id":"https:\/\/www.belfiorese.it\/new\/index.php\/2022\/progetto-valorizzazione-giovani-calciatori-premiata-la-belfiorese-2-classificata-su-42-societa-venete\/","url":"https:\/\/www.belfiorese.it\/new\/index.php\/2022\/progetto-valorizzazione-giovani-calciatori-premiata-la-belfiorese-2-classificata-su-42-societa-venete\/","name":"\u201cPROGETTO VALORIZZAZIONE GIOVANI CALCIATORI\u201d: PREMIATA LA BELFIORESE che arriva 2^ tra 42 societ\u00e0 venete! - Polisportiva Dilettantistica Belfiorese","isPartOf":{"@id":"https:\/\/www.belfiorese.it\/new\/#website"},"datePublished":"2022-05-31T11:54:10+00:00","dateModified":"2022-05-31T14:42:11+00:00","breadcrumb":{"@id":"https:\/\/www.belfiorese.it\/new\/index.php\/2022\/progetto-valorizzazione-giovani-calciatori-premiata-la-belfiorese-2-classificata-su-42-societa-venete\/#breadcrumb"},"inLanguage":"it-IT","potentialAction":[{"@type":"ReadAction","target":["https:\/\/www.belfiorese.it\/new\/index.php\/2022\/progetto-valorizzazione-giovani-calciatori-premiata-la-belfiorese-2-classificata-su-42-societa-venete\/"]}]},{"@type":"BreadcrumbList","@id":"https:\/\/www.belfiorese.it\/new\/index.php\/2022\/progetto-valorizzazione-giovani-calciatori-premiata-la-belfiorese-2-classificata-su-42-societa-venete\/#breadcrumb","itemListElement":[{"@type":"ListItem","position":1,"name":"Home","item":"https:\/\/www.belfiorese.it\/new\/"},{"@type":"ListItem","position":2,"name":"\u201cPROGETTO VALORIZZAZIONE GIOVANI CALCIATORI\u201d: PREMIATA LA BELFIORESE che arriva 2^ tra 42 societ\u00e0 venete!"}]},{"@type":"WebSite","@id":"https:\/\/www.belfiorese.it\/new\/#website","url":"https:\/\/www.belfiorese.it\/new\/","name":"Polisportiva Dilettantistica Belfiorese","description":"Non chiederti MAI... cosa i tuoi compagni di squadra possono fare per te. Ma chiediti SEMPRE... cosa tu puoi fare per i tuoi compagni di squadra","publisher":{"@id":"https:\/\/www.belfiorese.it\/new\/#organization"},"potentialAction":[{"@type":"SearchAction","target":{"@type":"EntryPoint","urlTemplate":"https:\/\/www.belfiorese.it\/new\/?s={search_term_string}"},"query-input":"required name=search_term_string"}],"inLanguage":"it-IT"},{"@type":"Organization","@id":"https:\/\/www.belfiorese.it\/new\/#organization","name":"Polisportiva Dilettantistica Belfiorese","url":"https:\/\/www.belfiorese.it\/new\/","logo":{"@type":"ImageObject","inLanguage":"it-IT","@id":"https:\/\/www.belfiorese.it\/new\/#\/schema\/logo\/image\/","url":"https:\/\/www.belfiorese.it\/new\/wp-content\/uploads\/2020\/09\/logo.png","contentUrl":"https:\/\/www.belfiorese.it\/new\/wp-content\/uploads\/2020\/09\/logo.png","width":1350,"height":1500,"caption":"Polisportiva Dilettantistica Belfiorese"},"image":{"@id":"https:\/\/www.belfiorese.it\/new\/#\/schema\/logo\/image\/"},"sameAs":["https:\/\/www.facebook.com\/Belfiorese-117024602283911"]},{"@type":"Person","@id":"https:\/\/www.belfiorese.it\/new\/#\/schema\/person\/47d9b99f526d7d1671d98da993dd42ad","name":"Andrea Varco","image":{"@type":"ImageObject","inLanguage":"it-IT","@id":"https:\/\/www.belfiorese.it\/new\/#\/schema\/person\/image\/","url":"https:\/\/secure.gravatar.com\/avatar\/54a1fdd78c01dae98b60e85c8d6c600c?s=96&d=mm&r=g","contentUrl":"https:\/\/secure.gravatar.com\/avatar\/54a1fdd78c01dae98b60e85c8d6c600c?s=96&d=mm&r=g","caption":"Andrea Varco"},"url":"https:\/\/www.belfiorese.it\/new\/index.php\/author\/andreavarco\/"}]}},"_links":{"self":[{"href":"https:\/\/www.belfiorese.it\/new\/index.php\/wp-json\/wp\/v2\/posts\/6397"}],"collection":[{"href":"https:\/\/www.belfiorese.it\/new\/index.php\/wp-json\/wp\/v2\/posts"}],"about":[{"href":"https:\/\/www.belfiorese.it\/new\/index.php\/wp-json\/wp\/v2\/types\/post"}],"author":[{"embeddable":true,"href":"https:\/\/www.belfiorese.it\/new\/index.php\/wp-json\/wp\/v2\/users\/2"}],"replies":[{"embeddable":true,"href":"https:\/\/www.belfiorese.it\/new\/index.php\/wp-json\/wp\/v2\/comments?post=6397"}],"version-history":[{"count":12,"href":"https:\/\/www.belfiorese.it\/new\/index.php\/wp-json\/wp\/v2\/posts\/6397\/revisions"}],"predecessor-version":[{"id":6416,"href":"https:\/\/www.belfiorese.it\/new\/index.php\/wp-json\/wp\/v2\/posts\/6397\/revisions\/6416"}],"wp:featuredmedia":[{"embeddable":true,"href":"https:\/\/www.belfiorese.it\/new\/index.php\/wp-json\/wp\/v2\/media\/6401"}],"wp:attachment":[{"href":"https:\/\/www.belfiorese.it\/new\/index.php\/wp-json\/wp\/v2\/media?parent=6397"}],"wp:term":[{"taxonomy":"category","embeddable":true,"href":"https:\/\/www.belfiorese.it\/new\/index.php\/wp-json\/wp\/v2\/categories?post=6397"},{"taxonomy":"post_tag","embeddable":true,"href":"https:\/\/www.belfiorese.it\/new\/index.php\/wp-json\/wp\/v2\/tags?post=6397"}],"curies":[{"name":"wp","href":"https:\/\/api.w.org\/{rel}","templated":true}]}}