{"id":4678,"date":"2021-09-16T20:54:54","date_gmt":"2021-09-16T18:54:54","guid":{"rendered":"http:\/\/www.belfiorese.it\/new\/?p=4678"},"modified":"2021-09-16T21:06:35","modified_gmt":"2021-09-16T19:06:35","slug":"belfiore-sede-del-prossimo-corso-regionale-di-allenatore-dilettante-licenza-d-organizzato-dalla-figc","status":"publish","type":"post","link":"https:\/\/www.belfiorese.it\/new\/index.php\/2021\/belfiore-sede-del-prossimo-corso-regionale-di-allenatore-dilettante-licenza-d-organizzato-dalla-figc\/","title":{"rendered":"BELFIORE SEDE DEL PROSSIMO CORSO REGIONALE DI &#8220;ALLENATORE DILETTANTE LICENZA D&#8221; ORGANIZZATO DALLA FIGC"},"content":{"rendered":"\n<figure class=\"wp-block-image size-large\"><img decoding=\"async\" loading=\"lazy\" width=\"474\" height=\"350\" src=\"http:\/\/www.belfiorese.it\/new\/wp-content\/uploads\/2021\/09\/Corso-Allenatori-Uefa-B.jpg\" alt=\"\" class=\"wp-image-4679\" srcset=\"https:\/\/www.belfiorese.it\/new\/wp-content\/uploads\/2021\/09\/Corso-Allenatori-Uefa-B.jpg 474w, https:\/\/www.belfiorese.it\/new\/wp-content\/uploads\/2021\/09\/Corso-Allenatori-Uefa-B-300x222.jpg 300w, https:\/\/www.belfiorese.it\/new\/wp-content\/uploads\/2021\/09\/Corso-Allenatori-Uefa-B-24x18.jpg 24w, https:\/\/www.belfiorese.it\/new\/wp-content\/uploads\/2021\/09\/Corso-Allenatori-Uefa-B-36x27.jpg 36w, https:\/\/www.belfiorese.it\/new\/wp-content\/uploads\/2021\/09\/Corso-Allenatori-Uefa-B-48x35.jpg 48w\" sizes=\"(max-width: 474px) 100vw, 474px\" \/><\/figure>\n\n\n\n<p><strong>Belfiore <\/strong>\u00e8 la <em>location<\/em> scelta dal <strong>Settore Tecnico della FIGC<\/strong> per lo svolgimento del nuovo corso per l&#8217;abilitazione ad <strong>&#8220;Allenatore Dilettante Regionale &#8211; Licenza D&#8221;<\/strong> che si svolger\u00e0 dal 20 settembre al 18 dicembre 2021. E&#8217; sicuramente un <strong>avvenimento sportivo di primaria importanza<\/strong> quello che vedr\u00e0 ancora una volta protagonista il nostro Comune, non nuovo a momenti di tale rilevanza.<\/p>\n\n\n\n<p>Due mesi or sono proprio quest&#8217;organismo, che \u00e8 incaricato di svolgere attivit\u00e0 di studio e di qualificazione per la diffusione ed il miglioramento della tecnica del giuoco del calcio ed ha competenze nei rapporti internazionali per la definizione delle regole del gioco e le tecniche di formazione di atleti e tecnici, aveva pubblicato il bando di ammissione al corso riservato a residenti nelle province di <strong>Verona<\/strong>, <strong>Vicenza<\/strong>, <strong>Padova<\/strong> e <strong>Rovigo<\/strong>.<\/p>\n\n\n\n<p><strong>La Societ\u00e0 Belfiorese<\/strong> avr\u00e0 dunque l&#8217;onore di ospitare gli <em>aspiranti mister<\/em> presso il campo sportivo di via Fanin 10 per lo svolgimento della parte pratica, mentre l&#8217;<strong>Amministrazione Comunale di Belfiore<\/strong> metter\u00e0 a loro disposizione l&#8217;Auditorium Comunale per la didattica. Le lezioni si terranno dal luned\u00ec al venerd\u00ec in orario serale, mentre il sabato \u00e8 prevista la seduta mattutina. Troveranno poi giusta conclusione gli ardui esami finali.<\/p>\n\n\n\n<p>Nei giorni scorsi \u00e8 stata divulgata la <strong>graduatoria dei candidati<\/strong>. Tra i tanti nomi <em>balzano agli occhi<\/em> alcuni calciatori <em>ex professionisti<\/em> come <strong>Michele Cossato<\/strong> e <strong>Simone Dal Degan<\/strong>, mentre scorrendo via via la lista affiorano tra gli altri anche gli <em>ex biancazzurri<\/em> <strong>Mattia Facci <\/strong>e <strong>Stefano Guandalini<\/strong>.<\/p>\n\n\n\n<p><strong>Si ringrazia<\/strong> ancora la <strong>Federazione Italiana Giuoco Calcio <\/strong>per l&#8217;attenzione rivolta nei confronti della <strong>Belfiorese<\/strong> e si esprime piena <strong>riconoscenza<\/strong> nei confronti dell&#8217;<strong>Amministrazione Comunale di Belfiore<\/strong> che ha contribuito in modo significativo alla riuscita dell&#8217;evento che indubbiamente dar\u00e0 <strong>ulteriore lustro allo sport belfiorese<\/strong>.<\/p>\n\n\n\n<p>16 settembre 2021  <\/p>\n","protected":false},"excerpt":{"rendered":"<p>Belfiore \u00e8 la location scelta dal Settore Tecnico della FIGC per lo svolgimento del nuovo corso per l&#8217;abilitazione ad &#8220;Allenatore Dilettante Regionale &#8211; Licenza D&#8221; che si svolger\u00e0 dal 20 settembre al 18 dicembre 2021. E&#8217; sicuramente un avvenimento sportivo di primaria importanza quello che vedr\u00e0 ancora una volta protagonista [&hellip;]<\/p>\n","protected":false},"author":2,"featured_media":4679,"comment_status":"closed","ping_status":"closed","sticky":false,"template":"","format":"standard","meta":{"footnotes":""},"categories":[3],"tags":[],"yoast_head":"<!-- This site is optimized with the Yoast SEO plugin v21.4 - https:\/\/yoast.com\/wordpress\/plugins\/seo\/ -->\r\n<title>BELFIORE SEDE DEL PROSSIMO CORSO REGIONALE DI &quot;ALLENATORE DILETTANTE LICENZA D&quot; ORGANIZZATO DALLA FIGC - Polisportiva Dilettantistica Belfiorese<\/title>\r\n<meta name=\"robots\" content=\"index, follow, max-snippet:-1, max-image-preview:large, max-video-preview:-1\" \/>\r\n<link rel=\"canonical\" href=\"https:\/\/www.belfiorese.it\/new\/index.php\/2021\/belfiore-sede-del-prossimo-corso-regionale-di-allenatore-dilettante-licenza-d-organizzato-dalla-figc\/\" \/>\r\n<meta property=\"og:locale\" content=\"it_IT\" \/>\r\n<meta property=\"og:type\" content=\"article\" \/>\r\n<meta property=\"og:title\" content=\"BELFIORE SEDE DEL PROSSIMO CORSO REGIONALE DI &quot;ALLENATORE DILETTANTE LICENZA D&quot; ORGANIZZATO DALLA FIGC - Polisportiva Dilettantistica Belfiorese\" \/>\r\n<meta property=\"og:description\" content=\"Belfiore \u00e8 la location scelta dal Settore Tecnico della FIGC per lo svolgimento del nuovo corso per l&#8217;abilitazione ad &#8220;Allenatore Dilettante Regionale &#8211; Licenza D&#8221; che si svolger\u00e0 dal 20 settembre al 18 dicembre 2021. E&#8217; sicuramente un avvenimento sportivo di primaria importanza quello che vedr\u00e0 ancora una volta protagonista [&hellip;]\" \/>\r\n<meta property=\"og:url\" content=\"https:\/\/www.belfiorese.it\/new\/index.php\/2021\/belfiore-sede-del-prossimo-corso-regionale-di-allenatore-dilettante-licenza-d-organizzato-dalla-figc\/\" \/>\r\n<meta property=\"og:site_name\" content=\"Polisportiva Dilettantistica Belfiorese\" \/>\r\n<meta property=\"article:publisher\" content=\"https:\/\/www.facebook.com\/Belfiorese-117024602283911\" \/>\r\n<meta property=\"article:published_time\" content=\"2021-09-16T18:54:54+00:00\" \/>\r\n<meta property=\"article:modified_time\" content=\"2021-09-16T19:06:35+00:00\" \/>\r\n<meta property=\"og:image\" content=\"https:\/\/www.belfiorese.it\/new\/wp-content\/uploads\/2021\/09\/Corso-Allenatori-Uefa-B.jpg\" \/>\r\n\t<meta property=\"og:image:width\" content=\"474\" \/>\r\n\t<meta property=\"og:image:height\" content=\"350\" \/>\r\n\t<meta property=\"og:image:type\" content=\"image\/jpeg\" \/>\r\n<meta name=\"author\" content=\"Andrea Varco\" \/>\r\n<meta name=\"twitter:card\" content=\"summary_large_image\" \/>\r\n<meta name=\"twitter:label1\" content=\"Scritto da\" \/>\n\t<meta name=\"twitter:data1\" content=\"Andrea Varco\" \/>\n\t<meta name=\"twitter:label2\" content=\"Tempo di lettura stimato\" \/>\n\t<meta name=\"twitter:data2\" content=\"1 minuto\" \/>\r\n<script type=\"application\/ld+json\" class=\"yoast-schema-graph\">{\"@context\":\"https:\/\/schema.org\",\"@graph\":[{\"@type\":\"Article\",\"@id\":\"https:\/\/www.belfiorese.it\/new\/index.php\/2021\/belfiore-sede-del-prossimo-corso-regionale-di-allenatore-dilettante-licenza-d-organizzato-dalla-figc\/#article\",\"isPartOf\":{\"@id\":\"https:\/\/www.belfiorese.it\/new\/index.php\/2021\/belfiore-sede-del-prossimo-corso-regionale-di-allenatore-dilettante-licenza-d-organizzato-dalla-figc\/\"},\"author\":{\"name\":\"Andrea Varco\",\"@id\":\"https:\/\/www.belfiorese.it\/new\/#\/schema\/person\/47d9b99f526d7d1671d98da993dd42ad\"},\"headline\":\"BELFIORE SEDE DEL PROSSIMO CORSO REGIONALE DI &#8220;ALLENATORE DILETTANTE LICENZA D&#8221; ORGANIZZATO DALLA FIGC\",\"datePublished\":\"2021-09-16T18:54:54+00:00\",\"dateModified\":\"2021-09-16T19:06:35+00:00\",\"mainEntityOfPage\":{\"@id\":\"https:\/\/www.belfiorese.it\/new\/index.php\/2021\/belfiore-sede-del-prossimo-corso-regionale-di-allenatore-dilettante-licenza-d-organizzato-dalla-figc\/\"},\"wordCount\":293,\"publisher\":{\"@id\":\"https:\/\/www.belfiorese.it\/new\/#organization\"},\"articleSection\":[\"Calcio\"],\"inLanguage\":\"it-IT\"},{\"@type\":\"WebPage\",\"@id\":\"https:\/\/www.belfiorese.it\/new\/index.php\/2021\/belfiore-sede-del-prossimo-corso-regionale-di-allenatore-dilettante-licenza-d-organizzato-dalla-figc\/\",\"url\":\"https:\/\/www.belfiorese.it\/new\/index.php\/2021\/belfiore-sede-del-prossimo-corso-regionale-di-allenatore-dilettante-licenza-d-organizzato-dalla-figc\/\",\"name\":\"BELFIORE SEDE DEL PROSSIMO CORSO REGIONALE DI \\\"ALLENATORE DILETTANTE LICENZA D\\\" ORGANIZZATO DALLA FIGC - Polisportiva Dilettantistica Belfiorese\",\"isPartOf\":{\"@id\":\"https:\/\/www.belfiorese.it\/new\/#website\"},\"datePublished\":\"2021-09-16T18:54:54+00:00\",\"dateModified\":\"2021-09-16T19:06:35+00:00\",\"breadcrumb\":{\"@id\":\"https:\/\/www.belfiorese.it\/new\/index.php\/2021\/belfiore-sede-del-prossimo-corso-regionale-di-allenatore-dilettante-licenza-d-organizzato-dalla-figc\/#breadcrumb\"},\"inLanguage\":\"it-IT\",\"potentialAction\":[{\"@type\":\"ReadAction\",\"target\":[\"https:\/\/www.belfiorese.it\/new\/index.php\/2021\/belfiore-sede-del-prossimo-corso-regionale-di-allenatore-dilettante-licenza-d-organizzato-dalla-figc\/\"]}]},{\"@type\":\"BreadcrumbList\",\"@id\":\"https:\/\/www.belfiorese.it\/new\/index.php\/2021\/belfiore-sede-del-prossimo-corso-regionale-di-allenatore-dilettante-licenza-d-organizzato-dalla-figc\/#breadcrumb\",\"itemListElement\":[{\"@type\":\"ListItem\",\"position\":1,\"name\":\"Home\",\"item\":\"https:\/\/www.belfiorese.it\/new\/\"},{\"@type\":\"ListItem\",\"position\":2,\"name\":\"BELFIORE SEDE DEL PROSSIMO CORSO REGIONALE DI &#8220;ALLENATORE DILETTANTE LICENZA D&#8221; ORGANIZZATO DALLA FIGC\"}]},{\"@type\":\"WebSite\",\"@id\":\"https:\/\/www.belfiorese.it\/new\/#website\",\"url\":\"https:\/\/www.belfiorese.it\/new\/\",\"name\":\"Polisportiva Dilettantistica Belfiorese\",\"description\":\"Non chiederti MAI... cosa i tuoi compagni di squadra possono fare per te. Ma chiediti SEMPRE... cosa tu puoi fare per i tuoi compagni di squadra\",\"publisher\":{\"@id\":\"https:\/\/www.belfiorese.it\/new\/#organization\"},\"potentialAction\":[{\"@type\":\"SearchAction\",\"target\":{\"@type\":\"EntryPoint\",\"urlTemplate\":\"https:\/\/www.belfiorese.it\/new\/?s={search_term_string}\"},\"query-input\":\"required name=search_term_string\"}],\"inLanguage\":\"it-IT\"},{\"@type\":\"Organization\",\"@id\":\"https:\/\/www.belfiorese.it\/new\/#organization\",\"name\":\"Polisportiva Dilettantistica Belfiorese\",\"url\":\"https:\/\/www.belfiorese.it\/new\/\",\"logo\":{\"@type\":\"ImageObject\",\"inLanguage\":\"it-IT\",\"@id\":\"https:\/\/www.belfiorese.it\/new\/#\/schema\/logo\/image\/\",\"url\":\"https:\/\/www.belfiorese.it\/new\/wp-content\/uploads\/2020\/09\/logo.png\",\"contentUrl\":\"https:\/\/www.belfiorese.it\/new\/wp-content\/uploads\/2020\/09\/logo.png\",\"width\":1350,\"height\":1500,\"caption\":\"Polisportiva Dilettantistica Belfiorese\"},\"image\":{\"@id\":\"https:\/\/www.belfiorese.it\/new\/#\/schema\/logo\/image\/\"},\"sameAs\":[\"https:\/\/www.facebook.com\/Belfiorese-117024602283911\"]},{\"@type\":\"Person\",\"@id\":\"https:\/\/www.belfiorese.it\/new\/#\/schema\/person\/47d9b99f526d7d1671d98da993dd42ad\",\"name\":\"Andrea Varco\",\"image\":{\"@type\":\"ImageObject\",\"inLanguage\":\"it-IT\",\"@id\":\"https:\/\/www.belfiorese.it\/new\/#\/schema\/person\/image\/\",\"url\":\"https:\/\/secure.gravatar.com\/avatar\/54a1fdd78c01dae98b60e85c8d6c600c?s=96&d=mm&r=g\",\"contentUrl\":\"https:\/\/secure.gravatar.com\/avatar\/54a1fdd78c01dae98b60e85c8d6c600c?s=96&d=mm&r=g\",\"caption\":\"Andrea Varco\"},\"url\":\"https:\/\/www.belfiorese.it\/new\/index.php\/author\/andreavarco\/\"}]}<\/script>\r\n<!-- \/ Yoast SEO plugin. -->","yoast_head_json":{"title":"BELFIORE SEDE DEL PROSSIMO CORSO REGIONALE DI \"ALLENATORE DILETTANTE LICENZA D\" ORGANIZZATO DALLA FIGC - Polisportiva Dilettantistica Belfiorese","robots":{"index":"index","follow":"follow","max-snippet":"max-snippet:-1","max-image-preview":"max-image-preview:large","max-video-preview":"max-video-preview:-1"},"canonical":"https:\/\/www.belfiorese.it\/new\/index.php\/2021\/belfiore-sede-del-prossimo-corso-regionale-di-allenatore-dilettante-licenza-d-organizzato-dalla-figc\/","og_locale":"it_IT","og_type":"article","og_title":"BELFIORE SEDE DEL PROSSIMO CORSO REGIONALE DI \"ALLENATORE DILETTANTE LICENZA D\" ORGANIZZATO DALLA FIGC - Polisportiva Dilettantistica Belfiorese","og_description":"Belfiore \u00e8 la location scelta dal Settore Tecnico della FIGC per lo svolgimento del nuovo corso per l&#8217;abilitazione ad &#8220;Allenatore Dilettante Regionale &#8211; Licenza D&#8221; che si svolger\u00e0 dal 20 settembre al 18 dicembre 2021. E&#8217; sicuramente un avvenimento sportivo di primaria importanza quello che vedr\u00e0 ancora una volta protagonista [&hellip;]","og_url":"https:\/\/www.belfiorese.it\/new\/index.php\/2021\/belfiore-sede-del-prossimo-corso-regionale-di-allenatore-dilettante-licenza-d-organizzato-dalla-figc\/","og_site_name":"Polisportiva Dilettantistica Belfiorese","article_publisher":"https:\/\/www.facebook.com\/Belfiorese-117024602283911","article_published_time":"2021-09-16T18:54:54+00:00","article_modified_time":"2021-09-16T19:06:35+00:00","og_image":[{"width":474,"height":350,"url":"https:\/\/www.belfiorese.it\/new\/wp-content\/uploads\/2021\/09\/Corso-Allenatori-Uefa-B.jpg","type":"image\/jpeg"}],"author":"Andrea Varco","twitter_card":"summary_large_image","twitter_misc":{"Scritto da":"Andrea Varco","Tempo di lettura stimato":"1 minuto"},"schema":{"@context":"https:\/\/schema.org","@graph":[{"@type":"Article","@id":"https:\/\/www.belfiorese.it\/new\/index.php\/2021\/belfiore-sede-del-prossimo-corso-regionale-di-allenatore-dilettante-licenza-d-organizzato-dalla-figc\/#article","isPartOf":{"@id":"https:\/\/www.belfiorese.it\/new\/index.php\/2021\/belfiore-sede-del-prossimo-corso-regionale-di-allenatore-dilettante-licenza-d-organizzato-dalla-figc\/"},"author":{"name":"Andrea Varco","@id":"https:\/\/www.belfiorese.it\/new\/#\/schema\/person\/47d9b99f526d7d1671d98da993dd42ad"},"headline":"BELFIORE SEDE DEL PROSSIMO CORSO REGIONALE DI &#8220;ALLENATORE DILETTANTE LICENZA D&#8221; ORGANIZZATO DALLA FIGC","datePublished":"2021-09-16T18:54:54+00:00","dateModified":"2021-09-16T19:06:35+00:00","mainEntityOfPage":{"@id":"https:\/\/www.belfiorese.it\/new\/index.php\/2021\/belfiore-sede-del-prossimo-corso-regionale-di-allenatore-dilettante-licenza-d-organizzato-dalla-figc\/"},"wordCount":293,"publisher":{"@id":"https:\/\/www.belfiorese.it\/new\/#organization"},"articleSection":["Calcio"],"inLanguage":"it-IT"},{"@type":"WebPage","@id":"https:\/\/www.belfiorese.it\/new\/index.php\/2021\/belfiore-sede-del-prossimo-corso-regionale-di-allenatore-dilettante-licenza-d-organizzato-dalla-figc\/","url":"https:\/\/www.belfiorese.it\/new\/index.php\/2021\/belfiore-sede-del-prossimo-corso-regionale-di-allenatore-dilettante-licenza-d-organizzato-dalla-figc\/","name":"BELFIORE SEDE DEL PROSSIMO CORSO REGIONALE DI \"ALLENATORE DILETTANTE LICENZA D\" ORGANIZZATO DALLA FIGC - Polisportiva Dilettantistica Belfiorese","isPartOf":{"@id":"https:\/\/www.belfiorese.it\/new\/#website"},"datePublished":"2021-09-16T18:54:54+00:00","dateModified":"2021-09-16T19:06:35+00:00","breadcrumb":{"@id":"https:\/\/www.belfiorese.it\/new\/index.php\/2021\/belfiore-sede-del-prossimo-corso-regionale-di-allenatore-dilettante-licenza-d-organizzato-dalla-figc\/#breadcrumb"},"inLanguage":"it-IT","potentialAction":[{"@type":"ReadAction","target":["https:\/\/www.belfiorese.it\/new\/index.php\/2021\/belfiore-sede-del-prossimo-corso-regionale-di-allenatore-dilettante-licenza-d-organizzato-dalla-figc\/"]}]},{"@type":"BreadcrumbList","@id":"https:\/\/www.belfiorese.it\/new\/index.php\/2021\/belfiore-sede-del-prossimo-corso-regionale-di-allenatore-dilettante-licenza-d-organizzato-dalla-figc\/#breadcrumb","itemListElement":[{"@type":"ListItem","position":1,"name":"Home","item":"https:\/\/www.belfiorese.it\/new\/"},{"@type":"ListItem","position":2,"name":"BELFIORE SEDE DEL PROSSIMO CORSO REGIONALE DI &#8220;ALLENATORE DILETTANTE LICENZA D&#8221; ORGANIZZATO DALLA FIGC"}]},{"@type":"WebSite","@id":"https:\/\/www.belfiorese.it\/new\/#website","url":"https:\/\/www.belfiorese.it\/new\/","name":"Polisportiva Dilettantistica Belfiorese","description":"Non chiederti MAI... cosa i tuoi compagni di squadra possono fare per te. Ma chiediti SEMPRE... cosa tu puoi fare per i tuoi compagni di squadra","publisher":{"@id":"https:\/\/www.belfiorese.it\/new\/#organization"},"potentialAction":[{"@type":"SearchAction","target":{"@type":"EntryPoint","urlTemplate":"https:\/\/www.belfiorese.it\/new\/?s={search_term_string}"},"query-input":"required name=search_term_string"}],"inLanguage":"it-IT"},{"@type":"Organization","@id":"https:\/\/www.belfiorese.it\/new\/#organization","name":"Polisportiva Dilettantistica Belfiorese","url":"https:\/\/www.belfiorese.it\/new\/","logo":{"@type":"ImageObject","inLanguage":"it-IT","@id":"https:\/\/www.belfiorese.it\/new\/#\/schema\/logo\/image\/","url":"https:\/\/www.belfiorese.it\/new\/wp-content\/uploads\/2020\/09\/logo.png","contentUrl":"https:\/\/www.belfiorese.it\/new\/wp-content\/uploads\/2020\/09\/logo.png","width":1350,"height":1500,"caption":"Polisportiva Dilettantistica Belfiorese"},"image":{"@id":"https:\/\/www.belfiorese.it\/new\/#\/schema\/logo\/image\/"},"sameAs":["https:\/\/www.facebook.com\/Belfiorese-117024602283911"]},{"@type":"Person","@id":"https:\/\/www.belfiorese.it\/new\/#\/schema\/person\/47d9b99f526d7d1671d98da993dd42ad","name":"Andrea Varco","image":{"@type":"ImageObject","inLanguage":"it-IT","@id":"https:\/\/www.belfiorese.it\/new\/#\/schema\/person\/image\/","url":"https:\/\/secure.gravatar.com\/avatar\/54a1fdd78c01dae98b60e85c8d6c600c?s=96&d=mm&r=g","contentUrl":"https:\/\/secure.gravatar.com\/avatar\/54a1fdd78c01dae98b60e85c8d6c600c?s=96&d=mm&r=g","caption":"Andrea Varco"},"url":"https:\/\/www.belfiorese.it\/new\/index.php\/author\/andreavarco\/"}]}},"_links":{"self":[{"href":"https:\/\/www.belfiorese.it\/new\/index.php\/wp-json\/wp\/v2\/posts\/4678"}],"collection":[{"href":"https:\/\/www.belfiorese.it\/new\/index.php\/wp-json\/wp\/v2\/posts"}],"about":[{"href":"https:\/\/www.belfiorese.it\/new\/index.php\/wp-json\/wp\/v2\/types\/post"}],"author":[{"embeddable":true,"href":"https:\/\/www.belfiorese.it\/new\/index.php\/wp-json\/wp\/v2\/users\/2"}],"replies":[{"embeddable":true,"href":"https:\/\/www.belfiorese.it\/new\/index.php\/wp-json\/wp\/v2\/comments?post=4678"}],"version-history":[{"count":7,"href":"https:\/\/www.belfiorese.it\/new\/index.php\/wp-json\/wp\/v2\/posts\/4678\/revisions"}],"predecessor-version":[{"id":4686,"href":"https:\/\/www.belfiorese.it\/new\/index.php\/wp-json\/wp\/v2\/posts\/4678\/revisions\/4686"}],"wp:featuredmedia":[{"embeddable":true,"href":"https:\/\/www.belfiorese.it\/new\/index.php\/wp-json\/wp\/v2\/media\/4679"}],"wp:attachment":[{"href":"https:\/\/www.belfiorese.it\/new\/index.php\/wp-json\/wp\/v2\/media?parent=4678"}],"wp:term":[{"taxonomy":"category","embeddable":true,"href":"https:\/\/www.belfiorese.it\/new\/index.php\/wp-json\/wp\/v2\/categories?post=4678"},{"taxonomy":"post_tag","embeddable":true,"href":"https:\/\/www.belfiorese.it\/new\/index.php\/wp-json\/wp\/v2\/tags?post=4678"}],"curies":[{"name":"wp","href":"https:\/\/api.w.org\/{rel}","templated":true}]}}