{"id":1001,"date":"2018-09-23T18:25:25","date_gmt":"2018-09-23T16:25:25","guid":{"rendered":"http:\/\/www.belfiorese.it\/wp\/?p=1001"},"modified":"2020-11-15T12:42:32","modified_gmt":"2020-11-15T11:42:32","slug":"juniores-regionali-3-giornata-di-campionato","status":"publish","type":"post","link":"https:\/\/www.belfiorese.it\/new\/index.php\/2018\/juniores-regionali-3-giornata-di-campionato\/","title":{"rendered":"22\/09\/2018 JUNIORES: Virtus Cornedo-Belfiorese 1-1 &#8220;pareggio stretto per i biancazzurri&#8221;"},"content":{"rendered":"<p>3^ GIORNATA CAMPIONATO<br \/>\nJUNIORES U19 REGIONALE<br \/>\nVirtus Cornedo &#8211; Belfiorese 1-1<\/p>\n<p>Marcatori:<span class=\"text_exposed_show\"><br \/>\n12&#8217;pt Lovato Tommaso (VC)<br \/>\n22&#8217;pt Panato Riccardo (B) su rig.<\/span><\/p>\n<div class=\"text_exposed_show\">\n<p>Squadra locale subito in gol al 12&#8242; quando la difesa biancazzurra rinvia malamente e la palla arriva a Lovato che calcia una gran botta al volo dal limite dell&#8217;area che si insacca sotto il sette. Reazione immediata dei ragazzi di mister Basuino che al 22&#8242; si vedono concedere la massima punizione dal direttore di gara per atterramento in area di Panato da parte di un difensore virtussino. \u00c8 lo stesso Panato che trasforma il penalty per il gol del pareggio. Secondo tempo con gioco molto spezzettato (ben 5 ammonizioni) ma Belfiorese che crea delle buone trame mentre la Virtus Cornedo \u00e8 squadra pi\u00f9 fisica e riesce in qualche modo a contenere le incursioni ospiti mantenendo il risultato in parit\u00e0 fino alla fine.<\/p>\n<p>@info di Andrea Varco<\/p>\n<p>&nbsp;<\/p>\n<\/div>\n","protected":false},"excerpt":{"rendered":"<p>3^ GIORNATA CAMPIONATO JUNIORES U19 REGIONALE Virtus Cornedo &#8211; Belfiorese 1-1 Marcatori: 12&#8217;pt Lovato Tommaso (VC) 22&#8217;pt Panato Riccardo (B) su rig. Squadra locale subito in gol al 12&#8242; quando la difesa biancazzurra rinvia malamente e la palla arriva a Lovato che calcia una gran botta al volo dal limite [&hellip;]<\/p>\n","protected":false},"author":2,"featured_media":0,"comment_status":"closed","ping_status":"open","sticky":false,"template":"","format":"standard","meta":{"footnotes":""},"categories":[3],"tags":[],"yoast_head":"<!-- This site is optimized with the Yoast SEO plugin v21.4 - https:\/\/yoast.com\/wordpress\/plugins\/seo\/ -->\r\n<title>22\/09\/2018 JUNIORES: Virtus Cornedo-Belfiorese 1-1 &quot;pareggio stretto per i biancazzurri&quot; - Polisportiva Dilettantistica Belfiorese<\/title>\r\n<meta name=\"robots\" content=\"index, follow, max-snippet:-1, max-image-preview:large, max-video-preview:-1\" \/>\r\n<link rel=\"canonical\" href=\"https:\/\/www.belfiorese.it\/new\/index.php\/2018\/juniores-regionali-3-giornata-di-campionato\/\" \/>\r\n<meta property=\"og:locale\" content=\"it_IT\" \/>\r\n<meta property=\"og:type\" content=\"article\" \/>\r\n<meta property=\"og:title\" content=\"22\/09\/2018 JUNIORES: Virtus Cornedo-Belfiorese 1-1 &quot;pareggio stretto per i biancazzurri&quot; - Polisportiva Dilettantistica Belfiorese\" \/>\r\n<meta property=\"og:description\" content=\"3^ GIORNATA CAMPIONATO JUNIORES U19 REGIONALE Virtus Cornedo &#8211; Belfiorese 1-1 Marcatori: 12&#8217;pt Lovato Tommaso (VC) 22&#8217;pt Panato Riccardo (B) su rig. Squadra locale subito in gol al 12&#8242; quando la difesa biancazzurra rinvia malamente e la palla arriva a Lovato che calcia una gran botta al volo dal limite [&hellip;]\" \/>\r\n<meta property=\"og:url\" content=\"https:\/\/www.belfiorese.it\/new\/index.php\/2018\/juniores-regionali-3-giornata-di-campionato\/\" \/>\r\n<meta property=\"og:site_name\" content=\"Polisportiva Dilettantistica Belfiorese\" \/>\r\n<meta property=\"article:publisher\" content=\"https:\/\/www.facebook.com\/Belfiorese-117024602283911\" \/>\r\n<meta property=\"article:published_time\" content=\"2018-09-23T16:25:25+00:00\" \/>\r\n<meta property=\"article:modified_time\" content=\"2020-11-15T11:42:32+00:00\" \/>\r\n<meta name=\"author\" content=\"Andrea Varco\" \/>\r\n<meta name=\"twitter:card\" content=\"summary_large_image\" \/>\r\n<meta name=\"twitter:label1\" content=\"Scritto da\" \/>\n\t<meta name=\"twitter:data1\" content=\"Andrea Varco\" \/>\n\t<meta name=\"twitter:label2\" content=\"Tempo di lettura stimato\" \/>\n\t<meta name=\"twitter:data2\" content=\"1 minuto\" \/>\r\n<script type=\"application\/ld+json\" class=\"yoast-schema-graph\">{\"@context\":\"https:\/\/schema.org\",\"@graph\":[{\"@type\":\"Article\",\"@id\":\"https:\/\/www.belfiorese.it\/new\/index.php\/2018\/juniores-regionali-3-giornata-di-campionato\/#article\",\"isPartOf\":{\"@id\":\"https:\/\/www.belfiorese.it\/new\/index.php\/2018\/juniores-regionali-3-giornata-di-campionato\/\"},\"author\":{\"name\":\"Andrea Varco\",\"@id\":\"https:\/\/www.belfiorese.it\/new\/#\/schema\/person\/47d9b99f526d7d1671d98da993dd42ad\"},\"headline\":\"22\/09\/2018 JUNIORES: Virtus Cornedo-Belfiorese 1-1 &#8220;pareggio stretto per i biancazzurri&#8221;\",\"datePublished\":\"2018-09-23T16:25:25+00:00\",\"dateModified\":\"2020-11-15T11:42:32+00:00\",\"mainEntityOfPage\":{\"@id\":\"https:\/\/www.belfiorese.it\/new\/index.php\/2018\/juniores-regionali-3-giornata-di-campionato\/\"},\"wordCount\":154,\"publisher\":{\"@id\":\"https:\/\/www.belfiorese.it\/new\/#organization\"},\"articleSection\":[\"Calcio\"],\"inLanguage\":\"it-IT\"},{\"@type\":\"WebPage\",\"@id\":\"https:\/\/www.belfiorese.it\/new\/index.php\/2018\/juniores-regionali-3-giornata-di-campionato\/\",\"url\":\"https:\/\/www.belfiorese.it\/new\/index.php\/2018\/juniores-regionali-3-giornata-di-campionato\/\",\"name\":\"22\/09\/2018 JUNIORES: Virtus Cornedo-Belfiorese 1-1 \\\"pareggio stretto per i biancazzurri\\\" - Polisportiva Dilettantistica Belfiorese\",\"isPartOf\":{\"@id\":\"https:\/\/www.belfiorese.it\/new\/#website\"},\"datePublished\":\"2018-09-23T16:25:25+00:00\",\"dateModified\":\"2020-11-15T11:42:32+00:00\",\"breadcrumb\":{\"@id\":\"https:\/\/www.belfiorese.it\/new\/index.php\/2018\/juniores-regionali-3-giornata-di-campionato\/#breadcrumb\"},\"inLanguage\":\"it-IT\",\"potentialAction\":[{\"@type\":\"ReadAction\",\"target\":[\"https:\/\/www.belfiorese.it\/new\/index.php\/2018\/juniores-regionali-3-giornata-di-campionato\/\"]}]},{\"@type\":\"BreadcrumbList\",\"@id\":\"https:\/\/www.belfiorese.it\/new\/index.php\/2018\/juniores-regionali-3-giornata-di-campionato\/#breadcrumb\",\"itemListElement\":[{\"@type\":\"ListItem\",\"position\":1,\"name\":\"Home\",\"item\":\"https:\/\/www.belfiorese.it\/new\/\"},{\"@type\":\"ListItem\",\"position\":2,\"name\":\"22\/09\/2018 JUNIORES: Virtus Cornedo-Belfiorese 1-1 &#8220;pareggio stretto per i biancazzurri&#8221;\"}]},{\"@type\":\"WebSite\",\"@id\":\"https:\/\/www.belfiorese.it\/new\/#website\",\"url\":\"https:\/\/www.belfiorese.it\/new\/\",\"name\":\"Polisportiva Dilettantistica Belfiorese\",\"description\":\"Non chiederti MAI... cosa i tuoi compagni di squadra possono fare per te. Ma chiediti SEMPRE... cosa tu puoi fare per i tuoi compagni di squadra\",\"publisher\":{\"@id\":\"https:\/\/www.belfiorese.it\/new\/#organization\"},\"potentialAction\":[{\"@type\":\"SearchAction\",\"target\":{\"@type\":\"EntryPoint\",\"urlTemplate\":\"https:\/\/www.belfiorese.it\/new\/?s={search_term_string}\"},\"query-input\":\"required name=search_term_string\"}],\"inLanguage\":\"it-IT\"},{\"@type\":\"Organization\",\"@id\":\"https:\/\/www.belfiorese.it\/new\/#organization\",\"name\":\"Polisportiva Dilettantistica Belfiorese\",\"url\":\"https:\/\/www.belfiorese.it\/new\/\",\"logo\":{\"@type\":\"ImageObject\",\"inLanguage\":\"it-IT\",\"@id\":\"https:\/\/www.belfiorese.it\/new\/#\/schema\/logo\/image\/\",\"url\":\"https:\/\/www.belfiorese.it\/new\/wp-content\/uploads\/2020\/09\/logo.png\",\"contentUrl\":\"https:\/\/www.belfiorese.it\/new\/wp-content\/uploads\/2020\/09\/logo.png\",\"width\":1350,\"height\":1500,\"caption\":\"Polisportiva Dilettantistica Belfiorese\"},\"image\":{\"@id\":\"https:\/\/www.belfiorese.it\/new\/#\/schema\/logo\/image\/\"},\"sameAs\":[\"https:\/\/www.facebook.com\/Belfiorese-117024602283911\"]},{\"@type\":\"Person\",\"@id\":\"https:\/\/www.belfiorese.it\/new\/#\/schema\/person\/47d9b99f526d7d1671d98da993dd42ad\",\"name\":\"Andrea Varco\",\"image\":{\"@type\":\"ImageObject\",\"inLanguage\":\"it-IT\",\"@id\":\"https:\/\/www.belfiorese.it\/new\/#\/schema\/person\/image\/\",\"url\":\"https:\/\/secure.gravatar.com\/avatar\/54a1fdd78c01dae98b60e85c8d6c600c?s=96&d=mm&r=g\",\"contentUrl\":\"https:\/\/secure.gravatar.com\/avatar\/54a1fdd78c01dae98b60e85c8d6c600c?s=96&d=mm&r=g\",\"caption\":\"Andrea Varco\"},\"url\":\"https:\/\/www.belfiorese.it\/new\/index.php\/author\/andreavarco\/\"}]}<\/script>\r\n<!-- \/ Yoast SEO plugin. -->","yoast_head_json":{"title":"22\/09\/2018 JUNIORES: Virtus Cornedo-Belfiorese 1-1 \"pareggio stretto per i biancazzurri\" - Polisportiva Dilettantistica Belfiorese","robots":{"index":"index","follow":"follow","max-snippet":"max-snippet:-1","max-image-preview":"max-image-preview:large","max-video-preview":"max-video-preview:-1"},"canonical":"https:\/\/www.belfiorese.it\/new\/index.php\/2018\/juniores-regionali-3-giornata-di-campionato\/","og_locale":"it_IT","og_type":"article","og_title":"22\/09\/2018 JUNIORES: Virtus Cornedo-Belfiorese 1-1 \"pareggio stretto per i biancazzurri\" - Polisportiva Dilettantistica Belfiorese","og_description":"3^ GIORNATA CAMPIONATO JUNIORES U19 REGIONALE Virtus Cornedo &#8211; Belfiorese 1-1 Marcatori: 12&#8217;pt Lovato Tommaso (VC) 22&#8217;pt Panato Riccardo (B) su rig. Squadra locale subito in gol al 12&#8242; quando la difesa biancazzurra rinvia malamente e la palla arriva a Lovato che calcia una gran botta al volo dal limite [&hellip;]","og_url":"https:\/\/www.belfiorese.it\/new\/index.php\/2018\/juniores-regionali-3-giornata-di-campionato\/","og_site_name":"Polisportiva Dilettantistica Belfiorese","article_publisher":"https:\/\/www.facebook.com\/Belfiorese-117024602283911","article_published_time":"2018-09-23T16:25:25+00:00","article_modified_time":"2020-11-15T11:42:32+00:00","author":"Andrea Varco","twitter_card":"summary_large_image","twitter_misc":{"Scritto da":"Andrea Varco","Tempo di lettura stimato":"1 minuto"},"schema":{"@context":"https:\/\/schema.org","@graph":[{"@type":"Article","@id":"https:\/\/www.belfiorese.it\/new\/index.php\/2018\/juniores-regionali-3-giornata-di-campionato\/#article","isPartOf":{"@id":"https:\/\/www.belfiorese.it\/new\/index.php\/2018\/juniores-regionali-3-giornata-di-campionato\/"},"author":{"name":"Andrea Varco","@id":"https:\/\/www.belfiorese.it\/new\/#\/schema\/person\/47d9b99f526d7d1671d98da993dd42ad"},"headline":"22\/09\/2018 JUNIORES: Virtus Cornedo-Belfiorese 1-1 &#8220;pareggio stretto per i biancazzurri&#8221;","datePublished":"2018-09-23T16:25:25+00:00","dateModified":"2020-11-15T11:42:32+00:00","mainEntityOfPage":{"@id":"https:\/\/www.belfiorese.it\/new\/index.php\/2018\/juniores-regionali-3-giornata-di-campionato\/"},"wordCount":154,"publisher":{"@id":"https:\/\/www.belfiorese.it\/new\/#organization"},"articleSection":["Calcio"],"inLanguage":"it-IT"},{"@type":"WebPage","@id":"https:\/\/www.belfiorese.it\/new\/index.php\/2018\/juniores-regionali-3-giornata-di-campionato\/","url":"https:\/\/www.belfiorese.it\/new\/index.php\/2018\/juniores-regionali-3-giornata-di-campionato\/","name":"22\/09\/2018 JUNIORES: Virtus Cornedo-Belfiorese 1-1 \"pareggio stretto per i biancazzurri\" - Polisportiva Dilettantistica Belfiorese","isPartOf":{"@id":"https:\/\/www.belfiorese.it\/new\/#website"},"datePublished":"2018-09-23T16:25:25+00:00","dateModified":"2020-11-15T11:42:32+00:00","breadcrumb":{"@id":"https:\/\/www.belfiorese.it\/new\/index.php\/2018\/juniores-regionali-3-giornata-di-campionato\/#breadcrumb"},"inLanguage":"it-IT","potentialAction":[{"@type":"ReadAction","target":["https:\/\/www.belfiorese.it\/new\/index.php\/2018\/juniores-regionali-3-giornata-di-campionato\/"]}]},{"@type":"BreadcrumbList","@id":"https:\/\/www.belfiorese.it\/new\/index.php\/2018\/juniores-regionali-3-giornata-di-campionato\/#breadcrumb","itemListElement":[{"@type":"ListItem","position":1,"name":"Home","item":"https:\/\/www.belfiorese.it\/new\/"},{"@type":"ListItem","position":2,"name":"22\/09\/2018 JUNIORES: Virtus Cornedo-Belfiorese 1-1 &#8220;pareggio stretto per i biancazzurri&#8221;"}]},{"@type":"WebSite","@id":"https:\/\/www.belfiorese.it\/new\/#website","url":"https:\/\/www.belfiorese.it\/new\/","name":"Polisportiva Dilettantistica Belfiorese","description":"Non chiederti MAI... cosa i tuoi compagni di squadra possono fare per te. Ma chiediti SEMPRE... cosa tu puoi fare per i tuoi compagni di squadra","publisher":{"@id":"https:\/\/www.belfiorese.it\/new\/#organization"},"potentialAction":[{"@type":"SearchAction","target":{"@type":"EntryPoint","urlTemplate":"https:\/\/www.belfiorese.it\/new\/?s={search_term_string}"},"query-input":"required name=search_term_string"}],"inLanguage":"it-IT"},{"@type":"Organization","@id":"https:\/\/www.belfiorese.it\/new\/#organization","name":"Polisportiva Dilettantistica Belfiorese","url":"https:\/\/www.belfiorese.it\/new\/","logo":{"@type":"ImageObject","inLanguage":"it-IT","@id":"https:\/\/www.belfiorese.it\/new\/#\/schema\/logo\/image\/","url":"https:\/\/www.belfiorese.it\/new\/wp-content\/uploads\/2020\/09\/logo.png","contentUrl":"https:\/\/www.belfiorese.it\/new\/wp-content\/uploads\/2020\/09\/logo.png","width":1350,"height":1500,"caption":"Polisportiva Dilettantistica Belfiorese"},"image":{"@id":"https:\/\/www.belfiorese.it\/new\/#\/schema\/logo\/image\/"},"sameAs":["https:\/\/www.facebook.com\/Belfiorese-117024602283911"]},{"@type":"Person","@id":"https:\/\/www.belfiorese.it\/new\/#\/schema\/person\/47d9b99f526d7d1671d98da993dd42ad","name":"Andrea Varco","image":{"@type":"ImageObject","inLanguage":"it-IT","@id":"https:\/\/www.belfiorese.it\/new\/#\/schema\/person\/image\/","url":"https:\/\/secure.gravatar.com\/avatar\/54a1fdd78c01dae98b60e85c8d6c600c?s=96&d=mm&r=g","contentUrl":"https:\/\/secure.gravatar.com\/avatar\/54a1fdd78c01dae98b60e85c8d6c600c?s=96&d=mm&r=g","caption":"Andrea Varco"},"url":"https:\/\/www.belfiorese.it\/new\/index.php\/author\/andreavarco\/"}]}},"_links":{"self":[{"href":"https:\/\/www.belfiorese.it\/new\/index.php\/wp-json\/wp\/v2\/posts\/1001"}],"collection":[{"href":"https:\/\/www.belfiorese.it\/new\/index.php\/wp-json\/wp\/v2\/posts"}],"about":[{"href":"https:\/\/www.belfiorese.it\/new\/index.php\/wp-json\/wp\/v2\/types\/post"}],"author":[{"embeddable":true,"href":"https:\/\/www.belfiorese.it\/new\/index.php\/wp-json\/wp\/v2\/users\/2"}],"replies":[{"embeddable":true,"href":"https:\/\/www.belfiorese.it\/new\/index.php\/wp-json\/wp\/v2\/comments?post=1001"}],"version-history":[{"count":1,"href":"https:\/\/www.belfiorese.it\/new\/index.php\/wp-json\/wp\/v2\/posts\/1001\/revisions"}],"predecessor-version":[{"id":3168,"href":"https:\/\/www.belfiorese.it\/new\/index.php\/wp-json\/wp\/v2\/posts\/1001\/revisions\/3168"}],"wp:attachment":[{"href":"https:\/\/www.belfiorese.it\/new\/index.php\/wp-json\/wp\/v2\/media?parent=1001"}],"wp:term":[{"taxonomy":"category","embeddable":true,"href":"https:\/\/www.belfiorese.it\/new\/index.php\/wp-json\/wp\/v2\/categories?post=1001"},{"taxonomy":"post_tag","embeddable":true,"href":"https:\/\/www.belfiorese.it\/new\/index.php\/wp-json\/wp\/v2\/tags?post=1001"}],"curies":[{"name":"wp","href":"https:\/\/api.w.org\/{rel}","templated":true}]}}